{"id":4075,"date":"2017-10-20T15:34:00","date_gmt":"2017-10-20T13:34:00","guid":{"rendered":"https:\/\/agora.xtec.cat\/ceipmisericordia-reus\/general\/"},"modified":"2017-10-20T15:34:00","modified_gmt":"2017-10-20T13:34:00","slug":"4075","status":"publish","type":"post","link":"https:\/\/agora.xtec.cat\/ceipmisericordia-reus\/primaria\/4075\/","title":{"rendered":""},"content":{"rendered":"<div>Avui us vull recomanar un llibre que m&#8217;agrada molt, es titula &#8220;Los futbol\u00edsimos&#8221; i aquest el el sis\u00e8 llibre de la col\u00b7lecci\u00f3.<\/div>\n<div style=\"clear: both; text-align: center;\"><a href=\"https:\/\/2.bp.blogspot.com\/-8QIaqQRZdKU\/WeoH8GlYdVI\/AAAAAAAAZO8\/zdoSjGxZWFcTWYEKEGxGq0OJ_YdlPLt4gCLcBGAs\/s1600\/IMG_20171019_150854.jpg\" style=\"margin-left: 1em; margin-right: 1em;\"><img loading=\"lazy\" decoding=\"async\" border=\"0\" data-original-height=\"1600\" data-original-width=\"1200\" height=\"400\" src=\"https:\/\/2.bp.blogspot.com\/-8QIaqQRZdKU\/WeoH8GlYdVI\/AAAAAAAAZO8\/zdoSjGxZWFcTWYEKEGxGq0OJ_YdlPLt4gCLcBGAs\/s400\/IMG_20171019_150854.jpg\" width=\"300\" \/><\/a><\/div>\n<div><\/div>\n<div>Tracta d&#8217;una colla de nens, que van a una escola que es diu Soto Alto. A l\u2019escola hi ha un equip de futbol. On juguen aquella colla, que es diuen &#8220;LOS FUTBOLISIMOS&#8221;.&nbsp;<\/div>\n<div><\/div>\n<div style=\"clear: both; text-align: center;\"><\/div>\n<p>&nbsp;<\/p>\n<div style=\"clear: both; text-align: center;\"><a href=\"https:\/\/3.bp.blogspot.com\/-8mDKgYbIjZU\/WeoH8AoMvKI\/AAAAAAAAZPE\/cKqEb61Lx38MrnrH8_1JO4m5iggxDViHgCLcBGAs\/s1600\/IMG_20171019_150900.jpg\" style=\"margin-left: 1em; margin-right: 1em;\"><img loading=\"lazy\" decoding=\"async\" border=\"0\" data-original-height=\"1600\" data-original-width=\"1200\" height=\"640\" src=\"https:\/\/3.bp.blogspot.com\/-8mDKgYbIjZU\/WeoH8AoMvKI\/AAAAAAAAZPE\/cKqEb61Lx38MrnrH8_1JO4m5iggxDViHgCLcBGAs\/s640\/IMG_20171019_150900.jpg\" width=\"480\" \/><\/a><\/div>\n<p><\/p>\n<div><\/div>\n<div>En aquesta aventura van Esc\u00f2cia a jugar el torneig m\u00e9s important del m\u00f3n, un torneig que no nom\u00e9s \u00e9s de futbol. I lo millor de tot dormen en un castell, en un castell amb&nbsp;fantasmes. Una nova aventura els espera als FUTBOLISIMOS.<\/div>\n<div style=\"clear: both; text-align: center;\"><a href=\"https:\/\/1.bp.blogspot.com\/-WigkFq0_FcU\/WeoH8G17HlI\/AAAAAAAAZPA\/zH3QBdKwpkAQX-PpNoXaJICa4W--7f1EACEwYBhgL\/s1600\/IMG_20171019_151110.jpg\" style=\"margin-left: 1em; margin-right: 1em;\"><img loading=\"lazy\" decoding=\"async\" border=\"0\" data-original-height=\"1200\" data-original-width=\"1600\" height=\"240\" src=\"https:\/\/1.bp.blogspot.com\/-WigkFq0_FcU\/WeoH8G17HlI\/AAAAAAAAZPA\/zH3QBdKwpkAQX-PpNoXaJICa4W--7f1EACEwYBhgL\/s320\/IMG_20171019_151110.jpg\" width=\"320\" \/><\/a><\/div>\n<p><\/p>\n<div style=\"clear: both; text-align: center;\"><a href=\"https:\/\/1.bp.blogspot.com\/-rX_NMDztstI\/WeoH89Fv_1I\/AAAAAAAAZPM\/I_6lq2e9B4cdAYsElkLK9aQjFpiPQ7HOACEwYBhgL\/s1600\/IMG_20171019_151213.jpg\" style=\"margin-left: 1em; margin-right: 1em;\"><img loading=\"lazy\" decoding=\"async\" border=\"0\" data-original-height=\"1200\" data-original-width=\"1600\" height=\"240\" src=\"https:\/\/1.bp.blogspot.com\/-rX_NMDztstI\/WeoH89Fv_1I\/AAAAAAAAZPM\/I_6lq2e9B4cdAYsElkLK9aQjFpiPQ7HOACEwYBhgL\/s320\/IMG_20171019_151213.jpg\" width=\"320\" \/><\/a><\/div>\n<div><\/div>\n<div>Als meus companys i companyes de 4t els hi ha agradat. I vosaltres, us heu quedat amb ganes de saber qu\u00e8 passa???????<\/div>\n<div><\/div>\n<div><\/div>\n<div><\/div>\n<div><\/div>\n<div><\/div>\n<div><\/div>\n","protected":false},"excerpt":{"rendered":"<p>Avui us vull recomanar un llibre que m&#8217;agrada molt, es titula &#8220;Los futbol\u00edsimos&#8221; i aquest el el sis\u00e8 llibre de la col\u00b7lecci\u00f3.<br \/>\n<a href=\"https:\/\/2.bp.blogspot.com\/-8QIaqQRZdKU\/WeoH8GlYdVI\/AAAAAAAAZO8\/zdoSjGxZWFcTWYEKEGxGq0OJ_YdlPLt4gCLcBGAs\/s1600\/IMG_20171019_150854.jpg\" style=\"margin-left: 1em; margin-right: 1em;\"><\/a><\/p>\n<p>Tracta d&#8217;una colla de nens, que van a una escola que es diu Soto Alto. A l\u2019escola hi ha&hellip;  <a href=\"https:\/\/agora.xtec.cat\/ceipmisericordia-reus\/primaria\/4075\/\" title=\"Read \">Llegeix m\u00e9s\u00bb<\/a><\/p>\n","protected":false},"author":1,"featured_media":0,"comment_status":"open","ping_status":"closed","sticky":false,"template":"","format":"standard","meta":{"_bbp_topic_count":0,"_bbp_reply_count":0,"_bbp_total_topic_count":0,"_bbp_total_reply_count":0,"_bbp_voice_count":0,"_bbp_anonymous_reply_count":0,"_bbp_topic_count_hidden":0,"_bbp_reply_count_hidden":0,"_bbp_forum_subforum_count":0,"footnotes":""},"categories":[13,79,5],"tags":[],"class_list":["post-4075","post","type-post","status-publish","format-standard","hentry","category-4t","category-cicle-mitja","category-primaria"],"post_mailing_queue_ids":[],"_links":{"self":[{"href":"https:\/\/agora.xtec.cat\/ceipmisericordia-reus\/wp-json\/wp\/v2\/posts\/4075","targetHints":{"allow":["GET"]}}],"collection":[{"href":"https:\/\/agora.xtec.cat\/ceipmisericordia-reus\/wp-json\/wp\/v2\/posts"}],"about":[{"href":"https:\/\/agora.xtec.cat\/ceipmisericordia-reus\/wp-json\/wp\/v2\/types\/post"}],"author":[{"embeddable":true,"href":"https:\/\/agora.xtec.cat\/ceipmisericordia-reus\/wp-json\/wp\/v2\/users\/1"}],"replies":[{"embeddable":true,"href":"https:\/\/agora.xtec.cat\/ceipmisericordia-reus\/wp-json\/wp\/v2\/comments?post=4075"}],"version-history":[{"count":0,"href":"https:\/\/agora.xtec.cat\/ceipmisericordia-reus\/wp-json\/wp\/v2\/posts\/4075\/revisions"}],"wp:attachment":[{"href":"https:\/\/agora.xtec.cat\/ceipmisericordia-reus\/wp-json\/wp\/v2\/media?parent=4075"}],"wp:term":[{"taxonomy":"category","embeddable":true,"href":"https:\/\/agora.xtec.cat\/ceipmisericordia-reus\/wp-json\/wp\/v2\/categories?post=4075"},{"taxonomy":"post_tag","embeddable":true,"href":"https:\/\/agora.xtec.cat\/ceipmisericordia-reus\/wp-json\/wp\/v2\/tags?post=4075"}],"curies":[{"name":"wp","href":"https:\/\/api.w.org\/{rel}","templated":true}]}}