{"id":4007,"date":"2017-11-30T10:47:00","date_gmt":"2017-11-30T09:47:00","guid":{"rendered":"https:\/\/agora.xtec.cat\/ceipmisericordia-reus\/general\/apuntats-al-projecte-escola-de-cisco\/"},"modified":"2017-11-30T10:47:00","modified_gmt":"2017-11-30T09:47:00","slug":"apuntats-al-projecte-escola-de-cisco","status":"publish","type":"post","link":"https:\/\/agora.xtec.cat\/ceipmisericordia-reus\/primaria\/5e\/apuntats-al-projecte-escola-de-cisco\/","title":{"rendered":"APUNTATS AL PROJECTE ESCOLA DE &#8220;CISCO&#8221;!!!"},"content":{"rendered":"<p>Ens hem apuntat al Programa Escola de Cisco Systems. Participaran els alumnes de cicle superior. \u00c9s un <a href=\"https:\/\/www.innovaspain.com\/programa-escuela-cisco-forma-tic-800-ninos-espana-belgica-mexico\/\" target=\"_blank\" rel=\"noopener noreferrer\">projecte pioner<\/a> on s&#8217;explicar\u00e0 als alumnes com treballar l&#8217;Internet de les coses (IoT).<\/p>\n<div style=\"text-align: center;\"><span style=\"font-size: large;\">Qu\u00e8 significa &#8220;Internet de les coses&#8221;?&nbsp;<\/span><\/div>\n<div style=\"text-align: justify;\"><\/div>\n<div style=\"text-align: justify;\">El concepte d&#8217;internet de les coses (IDC) es refereix a la interconnexi\u00f3 digital que existeix entre q\u00fcestions quotidianes, objectes anal\u00f2gics i internet; tot aix\u00f2 vinculat a la millora de l&#8217;experi\u00e8ncia i la usabilitat de les coses per les persones. L&#8217; IDC sorgeix l&#8217;any 1999 de la m\u00e0 de Kevin Ashton al Auto-ID Center del MIT (Institut tecnol\u00f2gic de Masachussets). Per entendre qu\u00e8 \u00e9s aquest concepte, podr\u00edem imaginar els nostres electrodom\u00e8stics o productes d&#8217;una tenda, connectats a internet, el que facilitaria per exemple, la millora dels electrodom\u00e8stics que comencen a fallar abans de que es trenquin (d&#8217;acord amb uns par\u00e0metres estudiats que gr\u00e0cies a la seva connexi\u00f3 a internet serien analitzats i tractats a temps), o en el cas dels productes d&#8217;una tenda, es podria saber quan s&#8217;acabaran, de forma m\u00e9s r\u00e0pida i \u00e0gil, independentment de la m\u00e0 humana.<\/div>\n<div style=\"text-align: justify;\"><\/div>\n<div style=\"text-align: justify;\"><\/div>\n<div style=\"text-align: justify;\">Aquest <a href=\"http:\/\/www.computerworld.es\/innovacion\/escolares-espanoles-y-americanos-muestran-su-proyecto-de-internet-of-things-a-traves-de-la-telepresencia-de-cisco\" target=\"_blank\" rel=\"noopener noreferrer\">programa<\/a> va n\u00e9ixer amb la idea de promoure i motivar l&#8217;\u00fas i coneixement de la tecnologia. Aquest programa potenciar\u00e0 la creativitat i imaginaci\u00f3 de l&#8217;alumnat de cicle superior. Tamb\u00e9 es desenvolupar\u00e0 en angl\u00e8s, valor afegit pels nostres alumnes.  Us anirem donant m\u00e9s informaci\u00f3 al respecte.<\/div>\n","protected":false},"excerpt":{"rendered":"<p>Ens hem apuntat al Programa Escola de Cisco Systems. Participaran els alumnes de cicle superior. \u00c9s un <a href=\"https:\/\/www.innovaspain.com\/programa-escuela-cisco-forma-tic-800-ninos-espana-belgica-mexico\/\" target=\"_blank\" rel=\"noopener noreferrer\">projecte pioner<\/a> on s&#8217;explicar\u00e0 als alumnes com treballar l&#8217;Internet de les coses (IoT).<br \/>\nQu\u00e8 significa &#8220;Internet de les coses&#8221;?&nbsp;<\/p>\n<p>El concepte d&#8217;internet de les coses (IDC)&hellip;  <a href=\"https:\/\/agora.xtec.cat\/ceipmisericordia-reus\/primaria\/5e\/apuntats-al-projecte-escola-de-cisco\/\" title=\"Read APUNTATS AL PROJECTE ESCOLA DE &#8220;CISCO&#8221;!!!\">Llegeix m\u00e9s\u00bb<\/a><\/p>\n","protected":false},"author":1,"featured_media":0,"comment_status":"open","ping_status":"closed","sticky":false,"template":"","format":"standard","meta":{"_bbp_topic_count":0,"_bbp_reply_count":0,"_bbp_total_topic_count":0,"_bbp_total_reply_count":0,"_bbp_voice_count":0,"_bbp_anonymous_reply_count":0,"_bbp_topic_count_hidden":0,"_bbp_reply_count_hidden":0,"_bbp_forum_subforum_count":0,"footnotes":""},"categories":[14,15],"tags":[],"class_list":["post-4007","post","type-post","status-publish","format-standard","hentry","category-5e","category-6e"],"post_mailing_queue_ids":[],"_links":{"self":[{"href":"https:\/\/agora.xtec.cat\/ceipmisericordia-reus\/wp-json\/wp\/v2\/posts\/4007","targetHints":{"allow":["GET"]}}],"collection":[{"href":"https:\/\/agora.xtec.cat\/ceipmisericordia-reus\/wp-json\/wp\/v2\/posts"}],"about":[{"href":"https:\/\/agora.xtec.cat\/ceipmisericordia-reus\/wp-json\/wp\/v2\/types\/post"}],"author":[{"embeddable":true,"href":"https:\/\/agora.xtec.cat\/ceipmisericordia-reus\/wp-json\/wp\/v2\/users\/1"}],"replies":[{"embeddable":true,"href":"https:\/\/agora.xtec.cat\/ceipmisericordia-reus\/wp-json\/wp\/v2\/comments?post=4007"}],"version-history":[{"count":0,"href":"https:\/\/agora.xtec.cat\/ceipmisericordia-reus\/wp-json\/wp\/v2\/posts\/4007\/revisions"}],"wp:attachment":[{"href":"https:\/\/agora.xtec.cat\/ceipmisericordia-reus\/wp-json\/wp\/v2\/media?parent=4007"}],"wp:term":[{"taxonomy":"category","embeddable":true,"href":"https:\/\/agora.xtec.cat\/ceipmisericordia-reus\/wp-json\/wp\/v2\/categories?post=4007"},{"taxonomy":"post_tag","embeddable":true,"href":"https:\/\/agora.xtec.cat\/ceipmisericordia-reus\/wp-json\/wp\/v2\/tags?post=4007"}],"curies":[{"name":"wp","href":"https:\/\/api.w.org\/{rel}","templated":true}]}}