{"id":4005,"date":"2017-12-01T09:44:00","date_gmt":"2017-12-01T08:44:00","guid":{"rendered":"https:\/\/agora.xtec.cat\/ceipmisericordia-reus\/general\/primer-comite-ambiental-del-curs-2018-2018\/"},"modified":"2017-12-01T09:44:00","modified_gmt":"2017-12-01T08:44:00","slug":"primer-comite-ambiental-del-curs-2018-2018","status":"publish","type":"post","link":"https:\/\/agora.xtec.cat\/ceipmisericordia-reus\/general\/primer-comite-ambiental-del-curs-2018-2018\/","title":{"rendered":"Primer Comit\u00e8 Ambiental del curs 2018-2018"},"content":{"rendered":"<p>Avui hem celebrat el primer Comit\u00e8 Ambiental d&#8217;aquest curs, el nostre primer Comit\u00e8 com a escola verda.<br \/>Com ja sabeu el Comit\u00e8 Ambiental tracta d&#8217;implicar a tota la comunitat educativa, aix\u00ed que una vegada al trimestre ens reunim els membres de la comissi\u00f3 d&#8217;escola verda, l&#8217;equip directiu, representants dels alumnes de cada curs, representants de l&#8217;AMPA i de l&#8217;ajuntament per posar en com\u00fa la feina feta durant aquest temps i les possibles aportacions i demandes de cada col\u00b7lectiu.&nbsp; <br \/>A continuaci\u00f3 us deixem les aportacions dels representants de cada curs:<\/p>\n<p>Infantil: Els alumnes d&#8217;Infantil ens van parlar sobre el reciclatge de les piles i on hav\u00edem de posar cada residu. <br \/>1r: Els representants de primer ens han informat que el contenidor de reciclatge de paper de la seva aula no estava en bon estat i a m\u00e9s han proposat plantar m\u00e9s plantes arom\u00e0tiques a l&#8217;hort. Des de la comissi\u00f3 prenem bona nota i intentarem donar resposta a les seves demandes tan r\u00e0pid com sigui possible.<br \/>2n: Ens han presentat un treball d&#8217;investigaci\u00f3 sobre un fruit anomenat &#8220;Mano de buda&#8221;. L&#8217;han observat i realitzat unes fitxes amb informaci\u00f3 molt complertes.<br \/>3r: Les representants de tercer ens han explicat una de les activitats que van realitzar durant les jornades culturals de la setmana passada sobre la import\u00e0ncia de la cura del bosc. Van debatre sobre les actuacions que podem dur a terme de manera personal per preservar el bosc i les accions que es podr\u00edem dur a terme des de les institucions del govern.<br \/>4t: Tamb\u00e9 ens han fer ress\u00f2 d&#8217;una de les activitats que van realitzar en la setmana cultural. En aquest cas un taller anomenat &#8220;Quines Arbequines&#8221;en les que van aprendre molt del tema i van poder realitzar un pot d&#8217;olives arbequina en conserva. Esperem que hagin sortit bones!<br \/>5\u00e8: Els alumnes de cinqu\u00e8 ens han fet un resum de totes les activitats que van fer en les jornades cultural: documentals, jocs, activitats d&#8217;orientaci\u00f3, taller de nius, una sortida&#8230; Aquests nens de cicle superior vam fer un grapat de coses!<br \/>6\u00e8: Per \u00faltim els representants de sis\u00e8 ens han explicat un parell d&#8217;activitats que han realitzat sobre el reciclatge. Han fet uns cartells amb il\u00b7lustracions de les diferents deixalles que van als diferents contenidors que repartiran per totes les classes de l&#8217;escola.<\/p>\n<div style=\"clear: both; text-align: center;\"><a href=\"https:\/\/4.bp.blogspot.com\/-IwIPgOqviT0\/WiEWO8O721I\/AAAAAAAAZlk\/rcVDNMxv6GsgPOs9v7RPUZQ0wQs-4JssQCLcBGAs\/s1600\/IMG-20171130-WA0007.jpg\" style=\"margin-left: 1em; margin-right: 1em;\"><img loading=\"lazy\" decoding=\"async\" border=\"0\" data-original-height=\"768\" data-original-width=\"1024\" height=\"240\" src=\"https:\/\/4.bp.blogspot.com\/-IwIPgOqviT0\/WiEWO8O721I\/AAAAAAAAZlk\/rcVDNMxv6GsgPOs9v7RPUZQ0wQs-4JssQCLcBGAs\/s320\/IMG-20171130-WA0007.jpg\" width=\"320\" \/><\/a><\/div>\n<p><\/p>\n<div style=\"clear: both; text-align: center;\"><a href=\"https:\/\/2.bp.blogspot.com\/-iGTckN8jjgM\/WiEWOxpN5xI\/AAAAAAAAZlg\/GCkPZFclc70y-EifJ8q3F1UQPPDae7R1ACLcBGAs\/s1600\/IMG-20171130-WA0008.jpg\" style=\"margin-left: 1em; margin-right: 1em;\"><img loading=\"lazy\" decoding=\"async\" border=\"0\" data-original-height=\"768\" data-original-width=\"1024\" height=\"240\" src=\"https:\/\/2.bp.blogspot.com\/-iGTckN8jjgM\/WiEWOxpN5xI\/AAAAAAAAZlg\/GCkPZFclc70y-EifJ8q3F1UQPPDae7R1ACLcBGAs\/s320\/IMG-20171130-WA0008.jpg\" width=\"320\" \/><\/a><\/div>\n<p><\/p>\n<div style=\"clear: both; text-align: center;\"><a href=\"https:\/\/2.bp.blogspot.com\/-JubmwlYYCMA\/WiEWOxl3jGI\/AAAAAAAAZlo\/20TFGm_R0ych25IhWEXHe--wKsBvaJIjQCLcBGAs\/s1600\/IMG-20171130-WA0009.jpg\" style=\"margin-left: 1em; margin-right: 1em;\"><img loading=\"lazy\" decoding=\"async\" border=\"0\" data-original-height=\"768\" data-original-width=\"1024\" height=\"240\" src=\"https:\/\/2.bp.blogspot.com\/-JubmwlYYCMA\/WiEWOxl3jGI\/AAAAAAAAZlo\/20TFGm_R0ych25IhWEXHe--wKsBvaJIjQCLcBGAs\/s320\/IMG-20171130-WA0009.jpg\" width=\"320\" \/><\/a><\/div>\n<p><\/p>\n<div style=\"clear: both; text-align: center;\"><a href=\"https:\/\/3.bp.blogspot.com\/-Q0afdYd8SPU\/WiEWPjNMY2I\/AAAAAAAAZls\/L49rQ42QvssgsYXA92j6_2vIeV4vF6yvgCLcBGAs\/s1600\/IMG-20171130-WA0010.jpg\" style=\"margin-left: 1em; margin-right: 1em;\"><img loading=\"lazy\" decoding=\"async\" border=\"0\" data-original-height=\"768\" data-original-width=\"1024\" height=\"240\" src=\"https:\/\/3.bp.blogspot.com\/-Q0afdYd8SPU\/WiEWPjNMY2I\/AAAAAAAAZls\/L49rQ42QvssgsYXA92j6_2vIeV4vF6yvgCLcBGAs\/s320\/IMG-20171130-WA0010.jpg\" width=\"320\" \/><\/a><\/div>\n<p><\/p>\n","protected":false},"excerpt":{"rendered":"<p>Avui hem celebrat el primer Comit\u00e8 Ambiental d&#8217;aquest curs, el nostre primer Comit\u00e8 com a escola verda.Com ja sabeu el Comit\u00e8 Ambiental tracta d&#8217;implicar a tota la comunitat educativa, aix\u00ed que una vegada al trimestre ens reunim els membres de la comissi\u00f3 d&#8217;escola verda, l&#8217;equip&hellip;  <a href=\"https:\/\/agora.xtec.cat\/ceipmisericordia-reus\/general\/primer-comite-ambiental-del-curs-2018-2018\/\" title=\"Read Primer Comit\u00e8 Ambiental del curs 2018-2018\">Llegeix m\u00e9s\u00bb<\/a><\/p>\n","protected":false},"author":1,"featured_media":0,"comment_status":"open","ping_status":"closed","sticky":false,"template":"","format":"standard","meta":{"_bbp_topic_count":0,"_bbp_reply_count":0,"_bbp_total_topic_count":0,"_bbp_total_reply_count":0,"_bbp_voice_count":0,"_bbp_anonymous_reply_count":0,"_bbp_topic_count_hidden":0,"_bbp_reply_count_hidden":0,"_bbp_forum_subforum_count":0,"footnotes":""},"categories":[1],"tags":[],"class_list":["post-4005","post","type-post","status-publish","format-standard","hentry","category-general"],"post_mailing_queue_ids":[],"_links":{"self":[{"href":"https:\/\/agora.xtec.cat\/ceipmisericordia-reus\/wp-json\/wp\/v2\/posts\/4005","targetHints":{"allow":["GET"]}}],"collection":[{"href":"https:\/\/agora.xtec.cat\/ceipmisericordia-reus\/wp-json\/wp\/v2\/posts"}],"about":[{"href":"https:\/\/agora.xtec.cat\/ceipmisericordia-reus\/wp-json\/wp\/v2\/types\/post"}],"author":[{"embeddable":true,"href":"https:\/\/agora.xtec.cat\/ceipmisericordia-reus\/wp-json\/wp\/v2\/users\/1"}],"replies":[{"embeddable":true,"href":"https:\/\/agora.xtec.cat\/ceipmisericordia-reus\/wp-json\/wp\/v2\/comments?post=4005"}],"version-history":[{"count":0,"href":"https:\/\/agora.xtec.cat\/ceipmisericordia-reus\/wp-json\/wp\/v2\/posts\/4005\/revisions"}],"wp:attachment":[{"href":"https:\/\/agora.xtec.cat\/ceipmisericordia-reus\/wp-json\/wp\/v2\/media?parent=4005"}],"wp:term":[{"taxonomy":"category","embeddable":true,"href":"https:\/\/agora.xtec.cat\/ceipmisericordia-reus\/wp-json\/wp\/v2\/categories?post=4005"},{"taxonomy":"post_tag","embeddable":true,"href":"https:\/\/agora.xtec.cat\/ceipmisericordia-reus\/wp-json\/wp\/v2\/tags?post=4005"}],"curies":[{"name":"wp","href":"https:\/\/api.w.org\/{rel}","templated":true}]}}