{"id":3972,"date":"2018-01-22T15:52:00","date_gmt":"2018-01-22T14:52:00","guid":{"rendered":"https:\/\/agora.xtec.cat\/ceipmisericordia-reus\/general\/visita-pere-mata\/"},"modified":"2018-01-22T15:52:00","modified_gmt":"2018-01-22T14:52:00","slug":"visita-pere-mata","status":"publish","type":"post","link":"https:\/\/agora.xtec.cat\/ceipmisericordia-reus\/primaria\/visita-pere-mata\/","title":{"rendered":"Visita Pere Mata"},"content":{"rendered":"<p>Els alumnes de sis\u00e8 hem anat a fer una visita a l&#8217;Institut Pere Mata.  Hem pogut descobrir aquest meravell\u00f3s edifici modernista de l&#8217;arquitecte Llu\u00eds Dom\u00e8nech i Montaner i fer algunes activitats molt interessants.<\/p>\n<div style=\"clear: both; text-align: center;\"><a href=\"https:\/\/1.bp.blogspot.com\/-1hR0a0TskF4\/WmX6glmyhPI\/AAAAAAAAZ4M\/5GnqeSX6NyMtX6Mq5R4QqfU_qBHli-aVACLcBGAs\/s1600\/IMG_20180122_115641.jpg\" style=\"margin-left: 1em; margin-right: 1em;\"><img loading=\"lazy\" decoding=\"async\" border=\"0\" data-original-height=\"1197\" data-original-width=\"1600\" height=\"239\" src=\"https:\/\/1.bp.blogspot.com\/-1hR0a0TskF4\/WmX6glmyhPI\/AAAAAAAAZ4M\/5GnqeSX6NyMtX6Mq5R4QqfU_qBHli-aVACLcBGAs\/s320\/IMG_20180122_115641.jpg\" width=\"320\" \/><\/a><\/div>\n","protected":false},"excerpt":{"rendered":"<p>Els alumnes de sis\u00e8 hem anat a fer una visita a l&#8217;Institut Pere Mata.  Hem pogut descobrir aquest meravell\u00f3s edifici modernista de l&#8217;arquitecte Llu\u00eds Dom\u00e8nech i Montaner i fer algunes activitats molt interessants.<br \/>\n<a href=\"https:\/\/1.bp.blogspot.com\/-1hR0a0TskF4\/WmX6glmyhPI\/AAAAAAAAZ4M\/5GnqeSX6NyMtX6Mq5R4QqfU_qBHli-aVACLcBGAs\/s1600\/IMG_20180122_115641.jpg\" style=\"margin-left: 1em; margin-right: 1em;\"><\/a><\/p>\n","protected":false},"author":1,"featured_media":0,"comment_status":"open","ping_status":"closed","sticky":false,"template":"","format":"standard","meta":{"_bbp_topic_count":0,"_bbp_reply_count":0,"_bbp_total_topic_count":0,"_bbp_total_reply_count":0,"_bbp_voice_count":0,"_bbp_anonymous_reply_count":0,"_bbp_topic_count_hidden":0,"_bbp_reply_count_hidden":0,"_bbp_forum_subforum_count":0,"footnotes":""},"categories":[15,80,5],"tags":[],"class_list":["post-3972","post","type-post","status-publish","format-standard","hentry","category-6e","category-cicle-superior","category-primaria"],"post_mailing_queue_ids":[],"_links":{"self":[{"href":"https:\/\/agora.xtec.cat\/ceipmisericordia-reus\/wp-json\/wp\/v2\/posts\/3972","targetHints":{"allow":["GET"]}}],"collection":[{"href":"https:\/\/agora.xtec.cat\/ceipmisericordia-reus\/wp-json\/wp\/v2\/posts"}],"about":[{"href":"https:\/\/agora.xtec.cat\/ceipmisericordia-reus\/wp-json\/wp\/v2\/types\/post"}],"author":[{"embeddable":true,"href":"https:\/\/agora.xtec.cat\/ceipmisericordia-reus\/wp-json\/wp\/v2\/users\/1"}],"replies":[{"embeddable":true,"href":"https:\/\/agora.xtec.cat\/ceipmisericordia-reus\/wp-json\/wp\/v2\/comments?post=3972"}],"version-history":[{"count":0,"href":"https:\/\/agora.xtec.cat\/ceipmisericordia-reus\/wp-json\/wp\/v2\/posts\/3972\/revisions"}],"wp:attachment":[{"href":"https:\/\/agora.xtec.cat\/ceipmisericordia-reus\/wp-json\/wp\/v2\/media?parent=3972"}],"wp:term":[{"taxonomy":"category","embeddable":true,"href":"https:\/\/agora.xtec.cat\/ceipmisericordia-reus\/wp-json\/wp\/v2\/categories?post=3972"},{"taxonomy":"post_tag","embeddable":true,"href":"https:\/\/agora.xtec.cat\/ceipmisericordia-reus\/wp-json\/wp\/v2\/tags?post=3972"}],"curies":[{"name":"wp","href":"https:\/\/api.w.org\/{rel}","templated":true}]}}