{"id":3971,"date":"2018-01-23T10:12:00","date_gmt":"2018-01-23T09:12:00","guid":{"rendered":"https:\/\/agora.xtec.cat\/ceipmisericordia-reus\/general\/plastica-amb-tauletes\/"},"modified":"2018-01-23T10:12:00","modified_gmt":"2018-01-23T09:12:00","slug":"plastica-amb-tauletes","status":"publish","type":"post","link":"https:\/\/agora.xtec.cat\/ceipmisericordia-reus\/primaria\/2n\/plastica-amb-tauletes\/","title":{"rendered":"PL\u00c0STICA AMB TAULETES"},"content":{"rendered":"<div style=\"text-align: center;\">Els alumnes de segon de cicle inicial avui hem fet una classe de pl\u00e0stica especial.&nbsp;<\/div>\n<div style=\"text-align: center;\">Hem fet pl\u00e0stica amb les tauletes!<\/div>\n<div style=\"text-align: center;\"><\/div>\n<div style=\"text-align: center;\">Primer la mestra ens ha repartit un dibuix que hav\u00edem de pintar molt b\u00e9 per parelles.<\/div>\n<div style=\"text-align: center;\">Despr\u00e9s hem escoltat molt b\u00e9 les indicacions de la mestra perqu\u00e8 l&#8217;activitat sort\u00eds correctament<\/div>\n<div style=\"text-align: center;\">I finalment, LA SORPRESA! El nostre dibuix sortia amb 3D del full i podia cantar, jugar i fins i tot fer m\u00fasica al interactuar amb nosaltres.<\/div>\n<div style=\"text-align: center;\"><\/div>\n<div style=\"text-align: center;\">Ha sigut incre\u00efble, ens ho hem passat genial!<\/div>\n<div style=\"text-align: center;\"><\/div>\n<div style=\"text-align: center;\">Aqu\u00ed teniu el v\u00eddeo amb les imatges on podeu veure tot el proc\u00e9s !!<\/div>\n<div style=\"text-align: center;\"><\/div>\n<div style=\"text-align: center;\"><\/div>\n<div style=\"clear: both; text-align: center;\"><iframe loading=\"lazy\" allowfullscreen=\"\" data-thumbnail-src=\"https:\/\/i.ytimg.com\/vi\/GQBTTpja3BA\/0.jpg\" frameborder=\"0\" height=\"266\" src=\"https:\/\/www.youtube.com\/embed\/GQBTTpja3BA?feature=player_embedded\" width=\"320\"><\/iframe><\/div>\n<div style=\"text-align: center;\"><\/div>\n","protected":false},"excerpt":{"rendered":"<p>Els alumnes de segon de cicle inicial avui hem fet una classe de pl\u00e0stica especial.&nbsp;<br \/>\nHem fet pl\u00e0stica amb les tauletes!<\/p>\n<p>Primer la mestra ens ha repartit un dibuix que hav\u00edem de pintar molt b\u00e9 per parelles.<br \/>\nDespr\u00e9s hem escoltat molt b\u00e9 les indicacions de la mestra perqu\u00e8&hellip;  <a href=\"https:\/\/agora.xtec.cat\/ceipmisericordia-reus\/primaria\/2n\/plastica-amb-tauletes\/\" title=\"Read PL\u00c0STICA AMB TAULETES\">Llegeix m\u00e9s\u00bb<\/a><\/p>\n","protected":false},"author":1,"featured_media":0,"comment_status":"open","ping_status":"closed","sticky":false,"template":"","format":"standard","meta":{"_bbp_topic_count":0,"_bbp_reply_count":0,"_bbp_total_topic_count":0,"_bbp_total_reply_count":0,"_bbp_voice_count":0,"_bbp_anonymous_reply_count":0,"_bbp_topic_count_hidden":0,"_bbp_reply_count_hidden":0,"_bbp_forum_subforum_count":0,"footnotes":""},"categories":[11,74],"tags":[],"class_list":["post-3971","post","type-post","status-publish","format-standard","hentry","category-2n","category-cicle-inicial"],"post_mailing_queue_ids":[],"_links":{"self":[{"href":"https:\/\/agora.xtec.cat\/ceipmisericordia-reus\/wp-json\/wp\/v2\/posts\/3971","targetHints":{"allow":["GET"]}}],"collection":[{"href":"https:\/\/agora.xtec.cat\/ceipmisericordia-reus\/wp-json\/wp\/v2\/posts"}],"about":[{"href":"https:\/\/agora.xtec.cat\/ceipmisericordia-reus\/wp-json\/wp\/v2\/types\/post"}],"author":[{"embeddable":true,"href":"https:\/\/agora.xtec.cat\/ceipmisericordia-reus\/wp-json\/wp\/v2\/users\/1"}],"replies":[{"embeddable":true,"href":"https:\/\/agora.xtec.cat\/ceipmisericordia-reus\/wp-json\/wp\/v2\/comments?post=3971"}],"version-history":[{"count":0,"href":"https:\/\/agora.xtec.cat\/ceipmisericordia-reus\/wp-json\/wp\/v2\/posts\/3971\/revisions"}],"wp:attachment":[{"href":"https:\/\/agora.xtec.cat\/ceipmisericordia-reus\/wp-json\/wp\/v2\/media?parent=3971"}],"wp:term":[{"taxonomy":"category","embeddable":true,"href":"https:\/\/agora.xtec.cat\/ceipmisericordia-reus\/wp-json\/wp\/v2\/categories?post=3971"},{"taxonomy":"post_tag","embeddable":true,"href":"https:\/\/agora.xtec.cat\/ceipmisericordia-reus\/wp-json\/wp\/v2\/tags?post=3971"}],"curies":[{"name":"wp","href":"https:\/\/api.w.org\/{rel}","templated":true}]}}