{"id":3939,"date":"2018-03-07T17:30:00","date_gmt":"2018-03-07T16:30:00","guid":{"rendered":"https:\/\/agora.xtec.cat\/ceipmisericordia-reus\/general\/fem-coral-2018-2\/"},"modified":"2018-03-07T17:30:00","modified_gmt":"2018-03-07T16:30:00","slug":"fem-coral-2018-2","status":"publish","type":"post","link":"https:\/\/agora.xtec.cat\/ceipmisericordia-reus\/primaria\/fem-coral-2018-2\/","title":{"rendered":"Fem coral 2018"},"content":{"rendered":"<p><\/p>\n<div><span style=\"font-size: 21.3333px;\">Els alumnes de cinqu\u00e8 ja estem comen\u00e7ant a treballar les can\u00e7ons pel Fem Coral 2018. Com la cantata t\u00e9 de nom Som Mediterranis, aquest curs cantem can\u00e7ons d&#8217;alguns pa\u00efsos de la Mediterr\u00e0nia i per aquesta ra\u00f3 deixo els enlla\u00e7os perqu\u00e8 pugueu escoltar-les i estudiar-les a casa:<\/span><\/div>\n<div><span style=\"font-size: 21.3333px;\"><br \/><\/span><\/div>\n<div style=\"text-indent: 35.4pt;\"><b><span lang=\"CA\" style=\"font-size: 18.0pt; line-height: 115%;\">TURQUIA: KARADENIZ T\u00dcRK\u00dcS\u00dc<o:p><\/o:p><\/span><\/b><\/div>\n<p><\/p>\n<div> <\/div>\n<h1 style=\"background: white; margin-bottom: .0001pt; margin: 0cm;\"><span><span lang=\"CA\" style=\"border: 1pt none windowtext; font-family: Arial, sans-serif; font-size: 15pt; font-weight: normal; padding: 0cm;\">BAH\u00c7E\u015eEH\u0130R \u00dcMRAN\u0130YE KOROSU MAYIS 2015 AL\u0130 RE\u0130S<\/span><\/span><span lang=\"CA\" style=\"font-family: Arial, sans-serif; font-size: 15pt; font-weight: normal;\"><o:p><\/o:p><\/span><\/h1>\n<p><\/p>\n<div><span style=\"font-size: 21.3333px;\"><br \/><\/span><\/div>\n<div style=\"clear: both; text-align: center;\"><iframe loading=\"lazy\" width=\"320\" height=\"266\" data-thumbnail-src=\"https:\/\/i.ytimg.com\/vi\/mOuV49VuneE\/0.jpg\" src=\"https:\/\/www.youtube.com\/embed\/mOuV49VuneE?feature=player_embedded\" frameborder=\"0\" allowfullscreen><\/iframe><\/div>\n<div><span style=\"font-size: 21.3333px;\"><br \/><\/span><\/div>\n<div><b style=\"mso-bidi-font-weight: normal;\"><span lang=\"CA\" style=\"font-size: 16.0pt; line-height: 115%;\"><br \/><\/span><\/b><\/div>\n<div><b style=\"mso-bidi-font-weight: normal;\"><span lang=\"CA\" style=\"font-size: 16.0pt; line-height: 115%;\"><br \/><\/span><\/b><\/div>\n<div><b style=\"mso-bidi-font-weight: normal;\"><span lang=\"CA\" style=\"font-size: 16.0pt; line-height: 115%;\"><br \/><\/span><\/b><\/div>\n<div style=\"clear: both; text-align: center;\"><a href=\"https:\/\/1.bp.blogspot.com\/-A9-nGPOBna4\/Wp_RSvJVziI\/AAAAAAAAaRY\/tbyFBc1XkK4OC9_Wwyqwyu4zRUf0uQMrwCLcBGAs\/s1600\/turca.jpg\" style=\"margin-left: 1em; margin-right: 1em;\"><img decoding=\"async\" border=\"0\" data-original-height=\"599\" data-original-width=\"670\" src=\"https:\/\/1.bp.blogspot.com\/-A9-nGPOBna4\/Wp_RSvJVziI\/AAAAAAAAaRY\/tbyFBc1XkK4OC9_Wwyqwyu4zRUf0uQMrwCLcBGAs\/s1600\/turca.jpg\" \/><\/a><\/div>\n<div><b style=\"mso-bidi-font-weight: normal;\"><span lang=\"CA\" style=\"font-size: 16.0pt; line-height: 115%;\"><br \/><\/span><\/b><\/div>\n<div><b style=\"mso-bidi-font-weight: normal;\"><span lang=\"CA\" style=\"font-size: 16.0pt; line-height: 115%;\"><br \/><\/span><\/b><\/div>\n<div><b style=\"mso-bidi-font-weight: normal;\"><span lang=\"CA\" style=\"font-size: 16.0pt; line-height: 115%;\">GR\u00c8CIA: I TRATA MAS I KURELU<o:p><\/o:p><\/span><\/b><\/div>\n<div style=\"clear: both; text-align: center;\"><iframe loading=\"lazy\" width=\"320\" height=\"266\" data-thumbnail-src=\"https:\/\/i.ytimg.com\/vi\/ovHWN7C8DuU\/0.jpg\" src=\"https:\/\/www.youtube.com\/embed\/ovHWN7C8DuU?feature=player_embedded\" frameborder=\"0\" allowfullscreen><\/iframe><\/div>\n<div style=\"clear: both; text-align: center;\"><a href=\"https:\/\/3.bp.blogspot.com\/-3__FlsvIrfc\/Wp_Nq8ykHYI\/AAAAAAAAaRE\/uzOasFmaXQEtLr3yZ4_DVZ4WhsO80ZeXQCLcBGAs\/s1600\/grega.jpg\" style=\"margin-left: 1em; margin-right: 1em;\"><img decoding=\"async\" border=\"0\" data-original-height=\"534\" data-original-width=\"657\" src=\"https:\/\/3.bp.blogspot.com\/-3__FlsvIrfc\/Wp_Nq8ykHYI\/AAAAAAAAaRE\/uzOasFmaXQEtLr3yZ4_DVZ4WhsO80ZeXQCLcBGAs\/s1600\/grega.jpg\" \/><\/a><\/div>\n<p><\/p>\n<h1 style=\"background: white; margin-bottom: .0001pt; margin: 0cm;\"><span><span lang=\"CA\" style=\"border: 1pt none windowtext; font-family: Arial, sans-serif; font-size: 15pt; padding: 0cm;\"><br \/><\/span><\/span><\/h1>\n<h1 style=\"background: white; margin-bottom: .0001pt; margin: 0cm;\"><span><span lang=\"CA\" style=\"border: 1pt none windowtext; font-family: Arial, sans-serif; font-size: 15pt; padding: 0cm;\">MARROC: Choeur des Jeune de Casablanca &#8211; Alaiki Mini Salam<\/span><\/span><span lang=\"CA\" style=\"font-family: Arial, sans-serif; font-size: 15pt;\"><o:p><\/o:p><\/span><\/h1>\n<p><\/p>\n<div style=\"clear: both; text-align: center;\"><iframe loading=\"lazy\" width=\"320\" height=\"266\" data-thumbnail-src=\"https:\/\/i.ytimg.com\/vi\/_BIpM7k7Ccg\/0.jpg\" src=\"https:\/\/www.youtube.com\/embed\/_BIpM7k7Ccg?feature=player_embedded\" frameborder=\"0\" allowfullscreen><\/iframe><\/div>\n<p><\/p>\n<div style=\"clear: both; text-align: center;\"><a href=\"https:\/\/2.bp.blogspot.com\/-1AcWgjPzHHc\/Wp_Qd05-PLI\/AAAAAAAAaRQ\/bDyoIRNk9rs8Pf6FknGVdOrumi6ATdwLwCLcBGAs\/s1600\/jocs.jpg\" style=\"margin-left: 1em; margin-right: 1em;\"><img loading=\"lazy\" decoding=\"async\" border=\"0\" data-original-height=\"599\" data-original-width=\"497\" height=\"640\" src=\"https:\/\/2.bp.blogspot.com\/-1AcWgjPzHHc\/Wp_Qd05-PLI\/AAAAAAAAaRQ\/bDyoIRNk9rs8Pf6FknGVdOrumi6ATdwLwCLcBGAs\/s640\/jocs.jpg\" width=\"531\" \/><\/a><\/div>\n<div style=\"clear: both; text-align: center;\"><\/div>\n<div style=\"clear: both; text-align: center;\"><\/div>\n<div style=\"clear: both; text-align: center;\"><\/div>\n<div style=\"clear: both; text-align: center;\"><\/div>\n<div style=\"clear: both; text-align: center;\"><\/div>\n<div style=\"clear: both; text-align: center;\"><\/div>\n<p><\/p>\n","protected":false},"excerpt":{"rendered":"<p>Els alumnes de cinqu\u00e8 ja estem comen\u00e7ant a treballar les can\u00e7ons pel Fem Coral 2018. Com la cantata t\u00e9 de nom Som Mediterranis, aquest curs cantem can\u00e7ons d&#8217;alguns pa\u00efsos de la Mediterr\u00e0nia i per aquesta ra\u00f3 deixo els enlla\u00e7os perqu\u00e8 pugueu escoltar-les i estudiar-les a&hellip;  <a href=\"https:\/\/agora.xtec.cat\/ceipmisericordia-reus\/primaria\/fem-coral-2018-2\/\" title=\"Read Fem coral 2018\">Llegeix m\u00e9s\u00bb<\/a><\/p>\n","protected":false},"author":1,"featured_media":0,"comment_status":"open","ping_status":"closed","sticky":false,"template":"","format":"standard","meta":{"_bbp_topic_count":0,"_bbp_reply_count":0,"_bbp_total_topic_count":0,"_bbp_total_reply_count":0,"_bbp_voice_count":0,"_bbp_anonymous_reply_count":0,"_bbp_topic_count_hidden":0,"_bbp_reply_count_hidden":0,"_bbp_forum_subforum_count":0,"footnotes":""},"categories":[14,81,5],"tags":[],"class_list":["post-3939","post","type-post","status-publish","format-standard","hentry","category-5e","category-musica","category-primaria"],"post_mailing_queue_ids":[],"_links":{"self":[{"href":"https:\/\/agora.xtec.cat\/ceipmisericordia-reus\/wp-json\/wp\/v2\/posts\/3939","targetHints":{"allow":["GET"]}}],"collection":[{"href":"https:\/\/agora.xtec.cat\/ceipmisericordia-reus\/wp-json\/wp\/v2\/posts"}],"about":[{"href":"https:\/\/agora.xtec.cat\/ceipmisericordia-reus\/wp-json\/wp\/v2\/types\/post"}],"author":[{"embeddable":true,"href":"https:\/\/agora.xtec.cat\/ceipmisericordia-reus\/wp-json\/wp\/v2\/users\/1"}],"replies":[{"embeddable":true,"href":"https:\/\/agora.xtec.cat\/ceipmisericordia-reus\/wp-json\/wp\/v2\/comments?post=3939"}],"version-history":[{"count":0,"href":"https:\/\/agora.xtec.cat\/ceipmisericordia-reus\/wp-json\/wp\/v2\/posts\/3939\/revisions"}],"wp:attachment":[{"href":"https:\/\/agora.xtec.cat\/ceipmisericordia-reus\/wp-json\/wp\/v2\/media?parent=3939"}],"wp:term":[{"taxonomy":"category","embeddable":true,"href":"https:\/\/agora.xtec.cat\/ceipmisericordia-reus\/wp-json\/wp\/v2\/categories?post=3939"},{"taxonomy":"post_tag","embeddable":true,"href":"https:\/\/agora.xtec.cat\/ceipmisericordia-reus\/wp-json\/wp\/v2\/tags?post=3939"}],"curies":[{"name":"wp","href":"https:\/\/api.w.org\/{rel}","templated":true}]}}