{"id":3937,"date":"2018-03-07T20:58:00","date_gmt":"2018-03-07T19:58:00","guid":{"rendered":"https:\/\/agora.xtec.cat\/ceipmisericordia-reus\/general\/esmorzar-saludable-p4\/"},"modified":"2018-03-07T20:58:00","modified_gmt":"2018-03-07T19:58:00","slug":"esmorzar-saludable-p4","status":"publish","type":"post","link":"https:\/\/agora.xtec.cat\/ceipmisericordia-reus\/infantil\/esmorzar-saludable-p4\/","title":{"rendered":"ESMORZAR SALUDABLE &#8211; P4"},"content":{"rendered":"<div style=\"clear: both; text-align: center;\"><object contentid=\"fc9011829d9774b7\" height=\"266\" width=\"320\"><\/object><\/div>\n<p>Avui, els nens i nenes de P4 hem gaudit d&#8217;un taller realitzat pels estudiants de Nutrici\u00f3&nbsp;de la URV.<br \/>Amb ells, hem apr\u00e8s jugant el que \u00e9s un esmorzar saludable, quins aliments van b\u00e9 pel nostre cos i creixement. <br \/>Ara si que esmorzarem fruita i entrepans!!!!<\/p>\n","protected":false},"excerpt":{"rendered":"<p>Avui, els nens i nenes de P4 hem gaudit d&#8217;un taller realitzat pels estudiants de Nutrici\u00f3&nbsp;de la URV.Amb ells, hem apr\u00e8s jugant el que \u00e9s un esmorzar saludable, quins aliments van b\u00e9 pel nostre cos i creixement. Ara si que esmorzarem fruita i entrepans!!!!<\/p>\n","protected":false},"author":1,"featured_media":0,"comment_status":"open","ping_status":"closed","sticky":false,"template":"","format":"standard","meta":{"_bbp_topic_count":0,"_bbp_reply_count":0,"_bbp_total_topic_count":0,"_bbp_total_reply_count":0,"_bbp_voice_count":0,"_bbp_anonymous_reply_count":0,"_bbp_topic_count_hidden":0,"_bbp_reply_count_hidden":0,"_bbp_forum_subforum_count":0,"footnotes":""},"categories":[2,8],"tags":[],"class_list":["post-3937","post","type-post","status-publish","format-standard","hentry","category-infantil","category-p4"],"post_mailing_queue_ids":[],"_links":{"self":[{"href":"https:\/\/agora.xtec.cat\/ceipmisericordia-reus\/wp-json\/wp\/v2\/posts\/3937","targetHints":{"allow":["GET"]}}],"collection":[{"href":"https:\/\/agora.xtec.cat\/ceipmisericordia-reus\/wp-json\/wp\/v2\/posts"}],"about":[{"href":"https:\/\/agora.xtec.cat\/ceipmisericordia-reus\/wp-json\/wp\/v2\/types\/post"}],"author":[{"embeddable":true,"href":"https:\/\/agora.xtec.cat\/ceipmisericordia-reus\/wp-json\/wp\/v2\/users\/1"}],"replies":[{"embeddable":true,"href":"https:\/\/agora.xtec.cat\/ceipmisericordia-reus\/wp-json\/wp\/v2\/comments?post=3937"}],"version-history":[{"count":0,"href":"https:\/\/agora.xtec.cat\/ceipmisericordia-reus\/wp-json\/wp\/v2\/posts\/3937\/revisions"}],"wp:attachment":[{"href":"https:\/\/agora.xtec.cat\/ceipmisericordia-reus\/wp-json\/wp\/v2\/media?parent=3937"}],"wp:term":[{"taxonomy":"category","embeddable":true,"href":"https:\/\/agora.xtec.cat\/ceipmisericordia-reus\/wp-json\/wp\/v2\/categories?post=3937"},{"taxonomy":"post_tag","embeddable":true,"href":"https:\/\/agora.xtec.cat\/ceipmisericordia-reus\/wp-json\/wp\/v2\/tags?post=3937"}],"curies":[{"name":"wp","href":"https:\/\/api.w.org\/{rel}","templated":true}]}}