{"id":3936,"date":"2018-03-07T21:05:00","date_gmt":"2018-03-07T20:05:00","guid":{"rendered":"https:\/\/agora.xtec.cat\/ceipmisericordia-reus\/general\/les-nostres-olives-p4\/"},"modified":"2018-03-07T21:05:00","modified_gmt":"2018-03-07T20:05:00","slug":"les-nostres-olives-p4","status":"publish","type":"post","link":"https:\/\/agora.xtec.cat\/ceipmisericordia-reus\/infantil\/les-nostres-olives-p4\/","title":{"rendered":"Les nostres olives &#8211; P4"},"content":{"rendered":"<div style=\"clear: both; text-align: center;\"><span><span><\/span><span><\/span><\/span>&nbsp;<\/div>\n<p>Els nens i nenes de P4 ja hem tingut la recompensa de la collita d&#8217;olives del nostre hort. Despr\u00e9s de mesos estant les olives dins d&#8217;un armari sense llum ni aire i, plenes d&#8217;aigua, sal i herbes arom\u00e0tiques; ens les podem menjar!!<br \/>Mmmm&#8230;estan bon\u00edssimes! Esperem que us agradin&#8230;.<\/p>\n<div style=\"clear: both; text-align: center;\"><object id=\"BLOG_video-12ab3eefa3606ce9\" content width=\"320\" height=\"266\"><\/object><\/div>\n","protected":false},"excerpt":{"rendered":"<p>&nbsp;<br \/>\nEls nens i nenes de P4 ja hem tingut la recompensa de la collita d&#8217;olives del nostre hort. Despr\u00e9s de mesos estant les olives dins d&#8217;un armari sense llum ni aire i, plenes d&#8217;aigua, sal i herbes arom\u00e0tiques; ens les podem menjar!!Mmmm&#8230;estan bon\u00edssimes! Esperem que&hellip;  <a href=\"https:\/\/agora.xtec.cat\/ceipmisericordia-reus\/infantil\/les-nostres-olives-p4\/\" title=\"Read Les nostres olives &#8211; P4\">Llegeix m\u00e9s\u00bb<\/a><\/p>\n","protected":false},"author":1,"featured_media":0,"comment_status":"open","ping_status":"closed","sticky":false,"template":"","format":"standard","meta":{"_bbp_topic_count":0,"_bbp_reply_count":0,"_bbp_total_topic_count":0,"_bbp_total_reply_count":0,"_bbp_voice_count":0,"_bbp_anonymous_reply_count":0,"_bbp_topic_count_hidden":0,"_bbp_reply_count_hidden":0,"_bbp_forum_subforum_count":0,"footnotes":""},"categories":[87,2,8],"tags":[],"class_list":["post-3936","post","type-post","status-publish","format-standard","hentry","category-hort","category-infantil","category-p4"],"post_mailing_queue_ids":[],"_links":{"self":[{"href":"https:\/\/agora.xtec.cat\/ceipmisericordia-reus\/wp-json\/wp\/v2\/posts\/3936","targetHints":{"allow":["GET"]}}],"collection":[{"href":"https:\/\/agora.xtec.cat\/ceipmisericordia-reus\/wp-json\/wp\/v2\/posts"}],"about":[{"href":"https:\/\/agora.xtec.cat\/ceipmisericordia-reus\/wp-json\/wp\/v2\/types\/post"}],"author":[{"embeddable":true,"href":"https:\/\/agora.xtec.cat\/ceipmisericordia-reus\/wp-json\/wp\/v2\/users\/1"}],"replies":[{"embeddable":true,"href":"https:\/\/agora.xtec.cat\/ceipmisericordia-reus\/wp-json\/wp\/v2\/comments?post=3936"}],"version-history":[{"count":0,"href":"https:\/\/agora.xtec.cat\/ceipmisericordia-reus\/wp-json\/wp\/v2\/posts\/3936\/revisions"}],"wp:attachment":[{"href":"https:\/\/agora.xtec.cat\/ceipmisericordia-reus\/wp-json\/wp\/v2\/media?parent=3936"}],"wp:term":[{"taxonomy":"category","embeddable":true,"href":"https:\/\/agora.xtec.cat\/ceipmisericordia-reus\/wp-json\/wp\/v2\/categories?post=3936"},{"taxonomy":"post_tag","embeddable":true,"href":"https:\/\/agora.xtec.cat\/ceipmisericordia-reus\/wp-json\/wp\/v2\/tags?post=3936"}],"curies":[{"name":"wp","href":"https:\/\/api.w.org\/{rel}","templated":true}]}}