{"id":3925,"date":"2018-03-15T21:21:00","date_gmt":"2018-03-15T20:21:00","guid":{"rendered":"https:\/\/agora.xtec.cat\/ceipmisericordia-reus\/general\/comite-ambiental-3\/"},"modified":"2018-03-15T21:21:00","modified_gmt":"2018-03-15T20:21:00","slug":"comite-ambiental-3","status":"publish","type":"post","link":"https:\/\/agora.xtec.cat\/ceipmisericordia-reus\/infantil\/comite-ambiental-3\/","title":{"rendered":"COMIT\u00c8 AMBIENTAL"},"content":{"rendered":"<p>Avui, dijous 15 mar\u00e7, s&#8217;ha celebrat el segon Comit\u00e8 Ambiental a l&#8217;escola.<br \/>Els alumnes han presentat les seves activitat i propostes a treballar tenint en compte el medi ambient. La feina \u00e9s incre\u00efble i, els projectes s\u00f3n bon\u00edssims!<\/p>\n<p>Els m\u00e9s petits de l&#8217;escola, els alumnes de P5 han fet una auca de l&#8217;hort de l&#8217;escola.<br \/>La classe de 1r ha realitzat una activitat art\u00edstica reciclant els taps dels brics de llet que gaudim a l&#8217;escola.<br \/>Els nens i nenes de 2n han fet una pilota de draps.<br \/>A 3r els alumnes han treballat i estudiat els animals d&#8217;extinci\u00f3 que hi ha, perqu\u00e8 i que hi podem fer els humans per salvar-los. <br \/>Els alumnes de 4t han explicat la seva tasca de neteja i manteniment setmanal&nbsp;de l&#8217;hort de l&#8217;escola.<br \/>La classe de 5\u00e8 proposa a l&#8217;escola realitzar una p\u00e0gina de youtube per intercanviar i&nbsp;compartir&nbsp;informacions&nbsp;realitzades a l&#8217;hort. <br \/>I finalment els m\u00e9s grans de l&#8217;escola, els nens i nens de 6\u00e8 ens han mostrat un experiment amb els diferents tipus de terra (arena, terra argilosa i terra org\u00e0nica). <\/p>\n<div style=\"clear: both; text-align: center;\"><object contentid=\"9811cb8be1f9716b\" height=\"550\" width=\"550\"><\/object><\/div>\n<p>No creieu que tots els alumnes i mestres&nbsp;de l&#8217;escola fan una feina extraordin\u00e0ria amb i per el medi ambient?<\/p>\n","protected":false},"excerpt":{"rendered":"<p>Avui, dijous 15 mar\u00e7, s&#8217;ha celebrat el segon Comit\u00e8 Ambiental a l&#8217;escola.Els alumnes han presentat les seves activitat i propostes a treballar tenint en compte el medi ambient. La feina \u00e9s incre\u00efble i, els projectes s\u00f3n bon\u00edssims!<br \/>\nEls m\u00e9s petits de l&#8217;escola, els alumnes de P5&hellip;  <a href=\"https:\/\/agora.xtec.cat\/ceipmisericordia-reus\/infantil\/comite-ambiental-3\/\" title=\"Read COMIT\u00c8 AMBIENTAL\">Llegeix m\u00e9s\u00bb<\/a><\/p>\n","protected":false},"author":1,"featured_media":0,"comment_status":"open","ping_status":"closed","sticky":false,"template":"","format":"standard","meta":{"_bbp_topic_count":0,"_bbp_reply_count":0,"_bbp_total_topic_count":0,"_bbp_total_reply_count":0,"_bbp_voice_count":0,"_bbp_anonymous_reply_count":0,"_bbp_topic_count_hidden":0,"_bbp_reply_count_hidden":0,"_bbp_forum_subforum_count":0,"footnotes":""},"categories":[87,2,5],"tags":[],"class_list":["post-3925","post","type-post","status-publish","format-standard","hentry","category-hort","category-infantil","category-primaria"],"post_mailing_queue_ids":[],"_links":{"self":[{"href":"https:\/\/agora.xtec.cat\/ceipmisericordia-reus\/wp-json\/wp\/v2\/posts\/3925","targetHints":{"allow":["GET"]}}],"collection":[{"href":"https:\/\/agora.xtec.cat\/ceipmisericordia-reus\/wp-json\/wp\/v2\/posts"}],"about":[{"href":"https:\/\/agora.xtec.cat\/ceipmisericordia-reus\/wp-json\/wp\/v2\/types\/post"}],"author":[{"embeddable":true,"href":"https:\/\/agora.xtec.cat\/ceipmisericordia-reus\/wp-json\/wp\/v2\/users\/1"}],"replies":[{"embeddable":true,"href":"https:\/\/agora.xtec.cat\/ceipmisericordia-reus\/wp-json\/wp\/v2\/comments?post=3925"}],"version-history":[{"count":0,"href":"https:\/\/agora.xtec.cat\/ceipmisericordia-reus\/wp-json\/wp\/v2\/posts\/3925\/revisions"}],"wp:attachment":[{"href":"https:\/\/agora.xtec.cat\/ceipmisericordia-reus\/wp-json\/wp\/v2\/media?parent=3925"}],"wp:term":[{"taxonomy":"category","embeddable":true,"href":"https:\/\/agora.xtec.cat\/ceipmisericordia-reus\/wp-json\/wp\/v2\/categories?post=3925"},{"taxonomy":"post_tag","embeddable":true,"href":"https:\/\/agora.xtec.cat\/ceipmisericordia-reus\/wp-json\/wp\/v2\/tags?post=3925"}],"curies":[{"name":"wp","href":"https:\/\/api.w.org\/{rel}","templated":true}]}}