{"id":3904,"date":"2018-04-18T17:21:00","date_gmt":"2018-04-18T15:21:00","guid":{"rendered":"https:\/\/agora.xtec.cat\/ceipmisericordia-reus\/general\/comencem-els-assajos\/"},"modified":"2018-04-18T17:21:00","modified_gmt":"2018-04-18T15:21:00","slug":"comencem-els-assajos","status":"publish","type":"post","link":"https:\/\/agora.xtec.cat\/ceipmisericordia-reus\/infantil\/comencem-els-assajos\/","title":{"rendered":"Comencem els assajos !"},"content":{"rendered":"<p>Els alumnes de l&#8217;escola Miseric\u00f2rdia estem preparant un videoclip molt especial i aquesta setmana hem comen\u00e7at amb els assajos! Si voleu cantar amb nosaltres des de casa aqu\u00ed us deixem la lletra i l&#8217;\u00e0udio, per poder-la treballar:<\/p>\n<div><\/div>\n<div><\/div>\n<div style=\"clear: both; text-align: center;\"><a href=\"https:\/\/3.bp.blogspot.com\/-QeCDs3B0MGI\/Wtds-pnmqpI\/AAAAAAAAavk\/ir2HgIQGwC4KXY5x-o6HUTQRmVoNJ-1GACLcBGAs\/s1600\/can%25C3%25A7%25C3%25B3%2Bescola%2Bmisericordia.jpg\" style=\"margin-left: 1em; margin-right: 1em;\"><img decoding=\"async\" border=\"0\" data-original-height=\"546\" data-original-width=\"570\" src=\"https:\/\/3.bp.blogspot.com\/-QeCDs3B0MGI\/Wtds-pnmqpI\/AAAAAAAAavk\/ir2HgIQGwC4KXY5x-o6HUTQRmVoNJ-1GACLcBGAs\/s1600\/can%25C3%25A7%25C3%25B3%2Bescola%2Bmisericordia.jpg\" \/><\/a><\/div>\n<div><b><br \/><\/b><\/div>\n<div><b><br \/><\/b><\/div>\n<div><b>Lletra i m\u00fasica: Fito Luri&nbsp;<\/b><\/div>\n<div><b><br \/><\/b><\/div>\n<div>M\u00e9s endavant penjarem v\u00eddeos amb l&#8217;\u00e0udio i tot!<\/div>\n<div><\/div>\n<div><\/div>\n<div style=\"clear: both; text-align: center;\"><\/div>\n<div><\/div>\n<div><b><br \/><\/b><\/div>\n<div><b><br \/><\/b><\/div>\n<div><b><br \/><\/b><\/div>\n<div><b><br \/><\/b><\/div>\n<div><b><br \/><\/b><\/div>\n","protected":false},"excerpt":{"rendered":"<p>Els alumnes de l&#8217;escola Miseric\u00f2rdia estem preparant un videoclip molt especial i aquesta setmana hem comen\u00e7at amb els assajos! Si voleu cantar amb nosaltres des de casa aqu\u00ed us deixem la lletra i l&#8217;\u00e0udio, per poder-la treballar:<\/p>\n<p><a href=\"https:\/\/3.bp.blogspot.com\/-QeCDs3B0MGI\/Wtds-pnmqpI\/AAAAAAAAavk\/ir2HgIQGwC4KXY5x-o6HUTQRmVoNJ-1GACLcBGAs\/s1600\/can%25C3%25A7%25C3%25B3%2Bescola%2Bmisericordia.jpg\" style=\"margin-left: 1em; margin-right: 1em;\"><\/a><\/p>\n<p>Lletra i m\u00fasica: Fito&hellip;  <a href=\"https:\/\/agora.xtec.cat\/ceipmisericordia-reus\/infantil\/comencem-els-assajos\/\" title=\"Read Comencem els assajos !\">Llegeix m\u00e9s\u00bb<\/a><\/p>\n","protected":false},"author":1,"featured_media":0,"comment_status":"open","ping_status":"closed","sticky":false,"template":"","format":"standard","meta":{"_bbp_topic_count":0,"_bbp_reply_count":0,"_bbp_total_topic_count":0,"_bbp_total_reply_count":0,"_bbp_voice_count":0,"_bbp_anonymous_reply_count":0,"_bbp_topic_count_hidden":0,"_bbp_reply_count_hidden":0,"_bbp_forum_subforum_count":0,"footnotes":""},"categories":[10,11,12,13,14,15,83,74,79,80,76,2,81,3,8,9,75,5],"tags":[],"class_list":["post-3904","post","type-post","status-publish","format-standard","hentry","category-1r","category-2n","category-3r","category-4t","category-5e","category-6e","category-aula-dacollida","category-cicle-inicial","category-cicle-mitja","category-cicle-superior","category-festes","category-infantil","category-musica","category-p3","category-p4","category-p5","category-pares-i-mares","category-primaria"],"post_mailing_queue_ids":[],"_links":{"self":[{"href":"https:\/\/agora.xtec.cat\/ceipmisericordia-reus\/wp-json\/wp\/v2\/posts\/3904","targetHints":{"allow":["GET"]}}],"collection":[{"href":"https:\/\/agora.xtec.cat\/ceipmisericordia-reus\/wp-json\/wp\/v2\/posts"}],"about":[{"href":"https:\/\/agora.xtec.cat\/ceipmisericordia-reus\/wp-json\/wp\/v2\/types\/post"}],"author":[{"embeddable":true,"href":"https:\/\/agora.xtec.cat\/ceipmisericordia-reus\/wp-json\/wp\/v2\/users\/1"}],"replies":[{"embeddable":true,"href":"https:\/\/agora.xtec.cat\/ceipmisericordia-reus\/wp-json\/wp\/v2\/comments?post=3904"}],"version-history":[{"count":0,"href":"https:\/\/agora.xtec.cat\/ceipmisericordia-reus\/wp-json\/wp\/v2\/posts\/3904\/revisions"}],"wp:attachment":[{"href":"https:\/\/agora.xtec.cat\/ceipmisericordia-reus\/wp-json\/wp\/v2\/media?parent=3904"}],"wp:term":[{"taxonomy":"category","embeddable":true,"href":"https:\/\/agora.xtec.cat\/ceipmisericordia-reus\/wp-json\/wp\/v2\/categories?post=3904"},{"taxonomy":"post_tag","embeddable":true,"href":"https:\/\/agora.xtec.cat\/ceipmisericordia-reus\/wp-json\/wp\/v2\/tags?post=3904"}],"curies":[{"name":"wp","href":"https:\/\/api.w.org\/{rel}","templated":true}]}}