{"id":3898,"date":"2018-04-26T12:05:00","date_gmt":"2018-04-26T10:05:00","guid":{"rendered":"https:\/\/agora.xtec.cat\/ceipmisericordia-reus\/general\/gravacio-videoclip\/"},"modified":"2018-04-26T12:05:00","modified_gmt":"2018-04-26T10:05:00","slug":"gravacio-videoclip","status":"publish","type":"post","link":"https:\/\/agora.xtec.cat\/ceipmisericordia-reus\/primaria\/1r\/gravacio-videoclip\/","title":{"rendered":"GRAVACI\u00d3 VIDEOCLIP"},"content":{"rendered":"<p>A l&#8217;escola Miseric\u00f2rdia estem preparant un videoclip. Hi participa tota la Comunitat educativa: nens i nenes, mestres, fam\u00edlies, CFAM i AMPA. Tamb\u00e9 hi&nbsp; col\u00b7laboren el Mas Carandell (Casa dels oficis) i l&#8217;Ajuntament de Reus (\u00c2rea de joventut).<\/p>\n<p>El dimecres 25 d&#8217;abril vam anar a gravar la can\u00e7\u00f3 a l&#8217;estudi del Casal de joves. Un grup d&#8217;alumnes, que pr\u00e8viament havia fet un c\u00e0sting&nbsp; representava tota l&#8217;escola i els acompanyava la mestra de m\u00fasica.Donem gr\u00e0cies al t\u00e8cnic Enric per la paci\u00e8ncia i professionalitat.<\/p>\n<p>I volem agra\u00edr de tot cor la col\u00b7laboraci\u00f3 del cantautor reusenc, en Fito Luri. Val a dir que desinteressadament ens ha cedit un dels seus temes, ens ha ajudat a posar-hi una nova lletra, ha vingut a l&#8217;escola a assajar amb els alumnes i ha participat activament en la gravaci\u00f3.<\/p>\n<p>Ben aviat podrem veure els resultats. Ser\u00e0 un bon record per a tots.<\/p>\n<p>Visca l&#8217;Escola Miseric\u00f2rdia!<\/p>\n<p><a href=\"http:\/\/1.bp.blogspot.com\/-XPk5sZPPI1c\/WuBXyO4uJsI\/AAAAAAAAayY\/8nP9sKgiICkqs7Hdu_ZXZ3TPlaMe4bV8ACK4BGAYYCw\/s1600\/IMG-20180425-WA0005.jpg\" style=\"clear: right; float: right; margin-bottom: 1em; margin-left: 1em;\"><img loading=\"lazy\" decoding=\"async\" border=\"0\" height=\"240\" src=\"https:\/\/1.bp.blogspot.com\/-XPk5sZPPI1c\/WuBXyO4uJsI\/AAAAAAAAayY\/8nP9sKgiICkqs7Hdu_ZXZ3TPlaMe4bV8ACK4BGAYYCw\/s320\/IMG-20180425-WA0005.jpg\" width=\"320\" \/><\/a><\/p>\n<p><a href=\"http:\/\/4.bp.blogspot.com\/-Y0Q9lUnC1wM\/WuBXyvrDYGI\/AAAAAAAAayg\/b94Rj7SLYYsyhs9OhqW9ys-7CPyhm_EYACK4BGAYYCw\/s1600\/IMG-20180425-WA0029.jpg\"><img loading=\"lazy\" decoding=\"async\" border=\"0\" height=\"240\" src=\"https:\/\/4.bp.blogspot.com\/-Y0Q9lUnC1wM\/WuBXyvrDYGI\/AAAAAAAAayg\/b94Rj7SLYYsyhs9OhqW9ys-7CPyhm_EYACK4BGAYYCw\/s320\/IMG-20180425-WA0029.jpg\" width=\"320\" \/><\/a><\/p>\n<p><a href=\"http:\/\/1.bp.blogspot.com\/-rBd-f3lobH8\/WuBXz9mPZ-I\/AAAAAAAAay0\/qkiM4CAVFJU6_seZw9Tejxhgs2Z88ZtDwCK4BGAYYCw\/s1600\/IMG-20180425-WA0033.jpg\" style=\"clear: right; float: right; margin-bottom: 1em; margin-left: 1em;\"><img loading=\"lazy\" decoding=\"async\" border=\"0\" height=\"240\" src=\"https:\/\/1.bp.blogspot.com\/-rBd-f3lobH8\/WuBXz9mPZ-I\/AAAAAAAAay0\/qkiM4CAVFJU6_seZw9Tejxhgs2Z88ZtDwCK4BGAYYCw\/s320\/IMG-20180425-WA0033.jpg\" width=\"320\" \/><\/a><\/p>\n<p><a href=\"http:\/\/3.bp.blogspot.com\/-e5JHDxThUf0\/WuBXzwi5SfI\/AAAAAAAAay4\/TSjnhuC0i_wokAT7YgZ7WF9BwDbTcG-0wCK4BGAYYCw\/s1600\/IMG-20180425-WA0013.jpg\"><img loading=\"lazy\" decoding=\"async\" border=\"0\" height=\"240\" src=\"https:\/\/3.bp.blogspot.com\/-e5JHDxThUf0\/WuBXzwi5SfI\/AAAAAAAAay4\/TSjnhuC0i_wokAT7YgZ7WF9BwDbTcG-0wCK4BGAYYCw\/s320\/IMG-20180425-WA0013.jpg\" width=\"320\" \/><\/a><\/p>\n<p><a href=\"http:\/\/2.bp.blogspot.com\/-MEkbqMZDreU\/WuGhV-rbTbI\/AAAAAAAAazU\/4TM7GNzABUcgGIL_3yZWF8wwhCX-mREFACK4BGAYYCw\/s1600\/IMG-20180425-WA0043.jpg\" style=\"clear: right; float: right; margin-bottom: 1em; margin-left: 1em;\"><img loading=\"lazy\" decoding=\"async\" border=\"0\" height=\"240\" src=\"https:\/\/2.bp.blogspot.com\/-MEkbqMZDreU\/WuGhV-rbTbI\/AAAAAAAAazU\/4TM7GNzABUcgGIL_3yZWF8wwhCX-mREFACK4BGAYYCw\/s320\/IMG-20180425-WA0043.jpg\" width=\"320\" \/><\/a><\/p>\n<p><a href=\"http:\/\/4.bp.blogspot.com\/-VfjjWEjBy1A\/WuGhWuLiTpI\/AAAAAAAAazc\/E7aKr5CyPJAgZ6vwJGqfYPrBDkjW2fJrACK4BGAYYCw\/s1600\/IMG-20180425-WA0044.jpg\"><img loading=\"lazy\" decoding=\"async\" border=\"0\" height=\"240\" src=\"https:\/\/4.bp.blogspot.com\/-VfjjWEjBy1A\/WuGhWuLiTpI\/AAAAAAAAazc\/E7aKr5CyPJAgZ6vwJGqfYPrBDkjW2fJrACK4BGAYYCw\/s320\/IMG-20180425-WA0044.jpg\" width=\"320\" \/><\/a><\/p>\n<p><a href=\"http:\/\/3.bp.blogspot.com\/-j8Am4r2tcBM\/WuGhXTfi3eI\/AAAAAAAAazk\/wuUiAQyC0_cu8HVIakKTIZ7sodwqxLDZQCK4BGAYYCw\/s1600\/IMG-20180425-WA0045.jpg\" style=\"clear: right; float: right; margin-bottom: 1em; margin-left: 1em;\"><img loading=\"lazy\" decoding=\"async\" border=\"0\" height=\"240\" src=\"https:\/\/3.bp.blogspot.com\/-j8Am4r2tcBM\/WuGhXTfi3eI\/AAAAAAAAazk\/wuUiAQyC0_cu8HVIakKTIZ7sodwqxLDZQCK4BGAYYCw\/s320\/IMG-20180425-WA0045.jpg\" width=\"320\" \/><\/a><\/p>\n","protected":false},"excerpt":{"rendered":"<p>A l&#8217;escola Miseric\u00f2rdia estem preparant un videoclip. Hi participa tota la Comunitat educativa: nens i nenes, mestres, fam\u00edlies, CFAM i AMPA. Tamb\u00e9 hi&nbsp; col\u00b7laboren el Mas Carandell (Casa dels oficis) i l&#8217;Ajuntament de Reus (\u00c2rea de joventut).<br \/>\nEl dimecres 25 d&#8217;abril vam anar a gravar la&hellip;  <a href=\"https:\/\/agora.xtec.cat\/ceipmisericordia-reus\/primaria\/1r\/gravacio-videoclip\/\" title=\"Read GRAVACI\u00d3 VIDEOCLIP\">Llegeix m\u00e9s\u00bb<\/a><\/p>\n","protected":false},"author":1,"featured_media":0,"comment_status":"open","ping_status":"closed","sticky":false,"template":"","format":"standard","meta":{"_bbp_topic_count":0,"_bbp_reply_count":0,"_bbp_total_topic_count":0,"_bbp_total_reply_count":0,"_bbp_voice_count":0,"_bbp_anonymous_reply_count":0,"_bbp_topic_count_hidden":0,"_bbp_reply_count_hidden":0,"_bbp_forum_subforum_count":0,"footnotes":""},"categories":[10,11,12,13,14,15],"tags":[],"class_list":["post-3898","post","type-post","status-publish","format-standard","hentry","category-1r","category-2n","category-3r","category-4t","category-5e","category-6e"],"post_mailing_queue_ids":[],"_links":{"self":[{"href":"https:\/\/agora.xtec.cat\/ceipmisericordia-reus\/wp-json\/wp\/v2\/posts\/3898","targetHints":{"allow":["GET"]}}],"collection":[{"href":"https:\/\/agora.xtec.cat\/ceipmisericordia-reus\/wp-json\/wp\/v2\/posts"}],"about":[{"href":"https:\/\/agora.xtec.cat\/ceipmisericordia-reus\/wp-json\/wp\/v2\/types\/post"}],"author":[{"embeddable":true,"href":"https:\/\/agora.xtec.cat\/ceipmisericordia-reus\/wp-json\/wp\/v2\/users\/1"}],"replies":[{"embeddable":true,"href":"https:\/\/agora.xtec.cat\/ceipmisericordia-reus\/wp-json\/wp\/v2\/comments?post=3898"}],"version-history":[{"count":0,"href":"https:\/\/agora.xtec.cat\/ceipmisericordia-reus\/wp-json\/wp\/v2\/posts\/3898\/revisions"}],"wp:attachment":[{"href":"https:\/\/agora.xtec.cat\/ceipmisericordia-reus\/wp-json\/wp\/v2\/media?parent=3898"}],"wp:term":[{"taxonomy":"category","embeddable":true,"href":"https:\/\/agora.xtec.cat\/ceipmisericordia-reus\/wp-json\/wp\/v2\/categories?post=3898"},{"taxonomy":"post_tag","embeddable":true,"href":"https:\/\/agora.xtec.cat\/ceipmisericordia-reus\/wp-json\/wp\/v2\/tags?post=3898"}],"curies":[{"name":"wp","href":"https:\/\/api.w.org\/{rel}","templated":true}]}}