{"id":3862,"date":"2018-06-07T11:10:00","date_gmt":"2018-06-07T09:10:00","guid":{"rendered":"https:\/\/agora.xtec.cat\/ceipmisericordia-reus\/general\/fem-coral-2018\/"},"modified":"2018-06-07T11:10:00","modified_gmt":"2018-06-07T09:10:00","slug":"fem-coral-2018","status":"publish","type":"post","link":"https:\/\/agora.xtec.cat\/ceipmisericordia-reus\/primaria\/fem-coral-2018\/","title":{"rendered":"FEM CORAL 2018"},"content":{"rendered":"<div style=\"text-align: justify;\"><span style=\"font-size: large;\">Per cinqu\u00e8 any consecutiu els alumnes de cinqu\u00e8 de cicle superior han participat a la gran cantata del FEM CORAL que aquest any ha portat de nom : SOM MEDITERRANIS! fent honor als jocs del mediterrani.<\/span><\/div>\n<div style=\"text-align: justify;\"><span style=\"font-size: large;\"><br \/><\/span><\/div>\n<div style=\"clear: both; text-align: center;\"><a href=\"https:\/\/4.bp.blogspot.com\/-TYi4fkRHhbs\/WxkEd2GezgI\/AAAAAAAAa8U\/iYmuci1V_JMfd2lY1qOywBaGhIzNq1fhwCLcBGAs\/s1600\/IMG_3685.jpg\" style=\"margin-left: 1em; margin-right: 1em;\"><img loading=\"lazy\" decoding=\"async\" border=\"0\" data-original-height=\"1200\" data-original-width=\"1600\" height=\"480\" src=\"https:\/\/4.bp.blogspot.com\/-TYi4fkRHhbs\/WxkEd2GezgI\/AAAAAAAAa8U\/iYmuci1V_JMfd2lY1qOywBaGhIzNq1fhwCLcBGAs\/s640\/IMG_3685.jpg\" width=\"640\" \/><\/a><\/div>\n<div style=\"text-align: justify;\"><span style=\"font-size: large;\"><br \/><\/span><\/div>\n<div style=\"text-align: justify;\"><span style=\"font-size: large;\"><br \/><\/span><\/div>\n<div style=\"text-align: justify;\"><span style=\"font-size: large;\">Despr\u00e9s de tant esfor\u00e7 ha valgut molt la pena, ha segut una experi\u00e8ncia inoblidable cantar amb tots els nens i nenes de les escoles del Baix Camp.<\/span><\/div>\n<div style=\"text-align: justify;\"><span style=\"font-size: large;\"><br \/><\/span><\/div>\n<div style=\"text-align: justify;\"><\/div>\n<p><\/p>\n<div style=\"clear: both; text-align: center;\"><iframe loading=\"lazy\" allowfullscreen=\"\" data-thumbnail-src=\"https:\/\/i.ytimg.com\/vi\/Xyf4-3ATVa0\/0.jpg\" frameborder=\"0\" height=\"266\" src=\"https:\/\/www.youtube.com\/embed\/Xyf4-3ATVa0?feature=player_embedded\" width=\"320\"><\/iframe><\/div>\n<p>Aqu\u00ed teniu la not\u00edcia:<\/p>\n<p>&nbsp;http:\/\/www.reus.cat\/noticia\/mes-de-1200-nens-i-nenes-de-28-centres-canten-conjuntament-durant-el-fem-coral-2018-sota-el<\/p>\n<p>VISCA LA M\u00daSICA!!!<\/p>\n","protected":false},"excerpt":{"rendered":"<p>Per cinqu\u00e8 any consecutiu els alumnes de cinqu\u00e8 de cicle superior han participat a la gran cantata del FEM CORAL que aquest any ha portat de nom : SOM MEDITERRANIS! fent honor als jocs del mediterrani.<\/p>\n<p><a href=\"https:\/\/4.bp.blogspot.com\/-TYi4fkRHhbs\/WxkEd2GezgI\/AAAAAAAAa8U\/iYmuci1V_JMfd2lY1qOywBaGhIzNq1fhwCLcBGAs\/s1600\/IMG_3685.jpg\" style=\"margin-left: 1em; margin-right: 1em;\"><\/a><\/p>\n<p>Despr\u00e9s de tant esfor\u00e7 ha&hellip;  <a href=\"https:\/\/agora.xtec.cat\/ceipmisericordia-reus\/primaria\/fem-coral-2018\/\" title=\"Read FEM CORAL 2018\">Llegeix m\u00e9s\u00bb<\/a><\/p>\n","protected":false},"author":1,"featured_media":0,"comment_status":"open","ping_status":"closed","sticky":false,"template":"","format":"standard","meta":{"_bbp_topic_count":0,"_bbp_reply_count":0,"_bbp_total_topic_count":0,"_bbp_total_reply_count":0,"_bbp_voice_count":0,"_bbp_anonymous_reply_count":0,"_bbp_topic_count_hidden":0,"_bbp_reply_count_hidden":0,"_bbp_forum_subforum_count":0,"footnotes":""},"categories":[14,80,81,5],"tags":[],"class_list":["post-3862","post","type-post","status-publish","format-standard","hentry","category-5e","category-cicle-superior","category-musica","category-primaria"],"post_mailing_queue_ids":[],"_links":{"self":[{"href":"https:\/\/agora.xtec.cat\/ceipmisericordia-reus\/wp-json\/wp\/v2\/posts\/3862","targetHints":{"allow":["GET"]}}],"collection":[{"href":"https:\/\/agora.xtec.cat\/ceipmisericordia-reus\/wp-json\/wp\/v2\/posts"}],"about":[{"href":"https:\/\/agora.xtec.cat\/ceipmisericordia-reus\/wp-json\/wp\/v2\/types\/post"}],"author":[{"embeddable":true,"href":"https:\/\/agora.xtec.cat\/ceipmisericordia-reus\/wp-json\/wp\/v2\/users\/1"}],"replies":[{"embeddable":true,"href":"https:\/\/agora.xtec.cat\/ceipmisericordia-reus\/wp-json\/wp\/v2\/comments?post=3862"}],"version-history":[{"count":0,"href":"https:\/\/agora.xtec.cat\/ceipmisericordia-reus\/wp-json\/wp\/v2\/posts\/3862\/revisions"}],"wp:attachment":[{"href":"https:\/\/agora.xtec.cat\/ceipmisericordia-reus\/wp-json\/wp\/v2\/media?parent=3862"}],"wp:term":[{"taxonomy":"category","embeddable":true,"href":"https:\/\/agora.xtec.cat\/ceipmisericordia-reus\/wp-json\/wp\/v2\/categories?post=3862"},{"taxonomy":"post_tag","embeddable":true,"href":"https:\/\/agora.xtec.cat\/ceipmisericordia-reus\/wp-json\/wp\/v2\/tags?post=3862"}],"curies":[{"name":"wp","href":"https:\/\/api.w.org\/{rel}","templated":true}]}}