{"id":3861,"date":"2018-06-08T12:09:00","date_gmt":"2018-06-08T10:09:00","guid":{"rendered":"https:\/\/agora.xtec.cat\/ceipmisericordia-reus\/general\/educacio-fisica-a-misericordia\/"},"modified":"2018-06-08T12:09:00","modified_gmt":"2018-06-08T10:09:00","slug":"educacio-fisica-a-misericordia","status":"publish","type":"post","link":"https:\/\/agora.xtec.cat\/ceipmisericordia-reus\/primaria\/educacio-fisica-a-misericordia\/","title":{"rendered":"Educaci\u00f3 F\u00edsica a Miseric\u00f2rdia"},"content":{"rendered":"<div style=\"clear: both; text-align: center;\"><\/div>\n<p>Divendres 1 de juny les classes de 3r i 4t vam despla\u00e7ar-nos fins al santuari de Miseric\u00f2rdia per realitzar la sessi\u00f3 d&#8217;educaci\u00f3 f\u00edsica en aquell entorn. Vam gaudir d&#8217;una temperatura agradable a l&#8217;ombra que ens oferien els arbres i de les activitats que van plantejar l&#8217;equip de mestres.<\/p>\n<div style=\"clear: both; text-align: center;\"><\/div>\n<div style=\"clear: both; text-align: center;\"><object contentid=\"84f844469dbb01a0\" height=\"266\" width=\"320\"><\/object><\/div>\n<p><\/p>\n","protected":false},"excerpt":{"rendered":"<p>Divendres 1 de juny les classes de 3r i 4t vam despla\u00e7ar-nos fins al santuari de Miseric\u00f2rdia per realitzar la sessi\u00f3 d&#8217;educaci\u00f3 f\u00edsica en aquell entorn. Vam gaudir d&#8217;una temperatura agradable a l&#8217;ombra que ens oferien els arbres i de les activitats que van plantejar&hellip;  <a href=\"https:\/\/agora.xtec.cat\/ceipmisericordia-reus\/primaria\/educacio-fisica-a-misericordia\/\" title=\"Read Educaci\u00f3 F\u00edsica a Miseric\u00f2rdia\">Llegeix m\u00e9s\u00bb<\/a><\/p>\n","protected":false},"author":1,"featured_media":0,"comment_status":"open","ping_status":"closed","sticky":false,"template":"","format":"standard","meta":{"_bbp_topic_count":0,"_bbp_reply_count":0,"_bbp_total_topic_count":0,"_bbp_total_reply_count":0,"_bbp_voice_count":0,"_bbp_anonymous_reply_count":0,"_bbp_topic_count_hidden":0,"_bbp_reply_count_hidden":0,"_bbp_forum_subforum_count":0,"footnotes":""},"categories":[12,13,79,82,5],"tags":[],"class_list":["post-3861","post","type-post","status-publish","format-standard","hentry","category-3r","category-4t","category-cicle-mitja","category-ed-fisica","category-primaria"],"post_mailing_queue_ids":[],"_links":{"self":[{"href":"https:\/\/agora.xtec.cat\/ceipmisericordia-reus\/wp-json\/wp\/v2\/posts\/3861","targetHints":{"allow":["GET"]}}],"collection":[{"href":"https:\/\/agora.xtec.cat\/ceipmisericordia-reus\/wp-json\/wp\/v2\/posts"}],"about":[{"href":"https:\/\/agora.xtec.cat\/ceipmisericordia-reus\/wp-json\/wp\/v2\/types\/post"}],"author":[{"embeddable":true,"href":"https:\/\/agora.xtec.cat\/ceipmisericordia-reus\/wp-json\/wp\/v2\/users\/1"}],"replies":[{"embeddable":true,"href":"https:\/\/agora.xtec.cat\/ceipmisericordia-reus\/wp-json\/wp\/v2\/comments?post=3861"}],"version-history":[{"count":0,"href":"https:\/\/agora.xtec.cat\/ceipmisericordia-reus\/wp-json\/wp\/v2\/posts\/3861\/revisions"}],"wp:attachment":[{"href":"https:\/\/agora.xtec.cat\/ceipmisericordia-reus\/wp-json\/wp\/v2\/media?parent=3861"}],"wp:term":[{"taxonomy":"category","embeddable":true,"href":"https:\/\/agora.xtec.cat\/ceipmisericordia-reus\/wp-json\/wp\/v2\/categories?post=3861"},{"taxonomy":"post_tag","embeddable":true,"href":"https:\/\/agora.xtec.cat\/ceipmisericordia-reus\/wp-json\/wp\/v2\/tags?post=3861"}],"curies":[{"name":"wp","href":"https:\/\/api.w.org\/{rel}","templated":true}]}}