{"id":3860,"date":"2018-06-08T12:31:00","date_gmt":"2018-06-08T10:31:00","guid":{"rendered":"https:\/\/agora.xtec.cat\/ceipmisericordia-reus\/general\/4t-amb-els-diables\/"},"modified":"2018-06-08T12:31:00","modified_gmt":"2018-06-08T10:31:00","slug":"4t-amb-els-diables","status":"publish","type":"post","link":"https:\/\/agora.xtec.cat\/ceipmisericordia-reus\/general\/4t-amb-els-diables\/","title":{"rendered":"4t amb els diables!"},"content":{"rendered":"<p>Avui els alumnes de quart hem realitzat el taller dels diables. Hem de dir que al principi ens ha fet respecte, per\u00f2 despr\u00e9s vol\u00edem repetir. Hem gaudit molt\u00edssim!!!<\/p>\n<div style=\"clear: both; text-align: center;\"><iframe loading=\"lazy\" width=\"320\" height=\"266\" data-thumbnail-src=\"https:\/\/i.ytimg.com\/vi\/jmMY8U0-QkY\/0.jpg\" src=\"https:\/\/www.youtube.com\/embed\/jmMY8U0-QkY?feature=player_embedded\" frameborder=\"0\" allowfullscreen><\/iframe><\/div>\n<p><\/p>\n","protected":false},"excerpt":{"rendered":"<p>Avui els alumnes de quart hem realitzat el taller dels diables. Hem de dir que al principi ens ha fet respecte, per\u00f2 despr\u00e9s vol\u00edem repetir. Hem gaudit molt\u00edssim!!!<\/p>\n","protected":false},"author":1,"featured_media":0,"comment_status":"open","ping_status":"closed","sticky":false,"template":"","format":"standard","meta":{"_bbp_topic_count":0,"_bbp_reply_count":0,"_bbp_total_topic_count":0,"_bbp_total_reply_count":0,"_bbp_voice_count":0,"_bbp_anonymous_reply_count":0,"_bbp_topic_count_hidden":0,"_bbp_reply_count_hidden":0,"_bbp_forum_subforum_count":0,"footnotes":""},"categories":[1],"tags":[],"class_list":["post-3860","post","type-post","status-publish","format-standard","hentry","category-general"],"post_mailing_queue_ids":[],"_links":{"self":[{"href":"https:\/\/agora.xtec.cat\/ceipmisericordia-reus\/wp-json\/wp\/v2\/posts\/3860","targetHints":{"allow":["GET"]}}],"collection":[{"href":"https:\/\/agora.xtec.cat\/ceipmisericordia-reus\/wp-json\/wp\/v2\/posts"}],"about":[{"href":"https:\/\/agora.xtec.cat\/ceipmisericordia-reus\/wp-json\/wp\/v2\/types\/post"}],"author":[{"embeddable":true,"href":"https:\/\/agora.xtec.cat\/ceipmisericordia-reus\/wp-json\/wp\/v2\/users\/1"}],"replies":[{"embeddable":true,"href":"https:\/\/agora.xtec.cat\/ceipmisericordia-reus\/wp-json\/wp\/v2\/comments?post=3860"}],"version-history":[{"count":0,"href":"https:\/\/agora.xtec.cat\/ceipmisericordia-reus\/wp-json\/wp\/v2\/posts\/3860\/revisions"}],"wp:attachment":[{"href":"https:\/\/agora.xtec.cat\/ceipmisericordia-reus\/wp-json\/wp\/v2\/media?parent=3860"}],"wp:term":[{"taxonomy":"category","embeddable":true,"href":"https:\/\/agora.xtec.cat\/ceipmisericordia-reus\/wp-json\/wp\/v2\/categories?post=3860"},{"taxonomy":"post_tag","embeddable":true,"href":"https:\/\/agora.xtec.cat\/ceipmisericordia-reus\/wp-json\/wp\/v2\/tags?post=3860"}],"curies":[{"name":"wp","href":"https:\/\/api.w.org\/{rel}","templated":true}]}}