{"id":3859,"date":"2018-06-11T09:04:00","date_gmt":"2018-06-11T07:04:00","guid":{"rendered":"https:\/\/agora.xtec.cat\/ceipmisericordia-reus\/general\/kappla-infantil\/"},"modified":"2018-06-11T09:04:00","modified_gmt":"2018-06-11T07:04:00","slug":"kappla-infantil","status":"publish","type":"post","link":"https:\/\/agora.xtec.cat\/ceipmisericordia-reus\/infantil\/kappla-infantil\/","title":{"rendered":"kappla infantil"},"content":{"rendered":"<div style=\"clear: both; text-align: center;\"><object contentid=\"cd4d80f0e1ce87b5\" height=\"266\" width=\"320\"><\/object><\/div>\n<p>El passat dimarts 5 de juny tots els alumnes d&#8217;Infantil vam gaudir del taller de construccions Kappla.<br \/>ha sigut una experi\u00e8ncia magn\u00edfica on, els alumnes de P3 van construir una aut\u00e8ntica ciutat, els alumnes de P4 una girafa, un gos i un vaixell i, els alumnes de P5 van fer un majestu\u00f3s pont.<\/p>\n","protected":false},"excerpt":{"rendered":"<p>El passat dimarts 5 de juny tots els alumnes d&#8217;Infantil vam gaudir del taller de construccions Kappla.ha sigut una experi\u00e8ncia magn\u00edfica on, els alumnes de P3 van construir una aut\u00e8ntica ciutat, els alumnes de P4 una girafa, un gos i un vaixell i, els alumnes&hellip;  <a href=\"https:\/\/agora.xtec.cat\/ceipmisericordia-reus\/infantil\/kappla-infantil\/\" title=\"Read kappla infantil\">Llegeix m\u00e9s\u00bb<\/a><\/p>\n","protected":false},"author":1,"featured_media":0,"comment_status":"open","ping_status":"closed","sticky":false,"template":"","format":"standard","meta":{"_bbp_topic_count":0,"_bbp_reply_count":0,"_bbp_total_topic_count":0,"_bbp_total_reply_count":0,"_bbp_voice_count":0,"_bbp_anonymous_reply_count":0,"_bbp_topic_count_hidden":0,"_bbp_reply_count_hidden":0,"_bbp_forum_subforum_count":0,"footnotes":""},"categories":[2],"tags":[],"class_list":["post-3859","post","type-post","status-publish","format-standard","hentry","category-infantil"],"post_mailing_queue_ids":[],"_links":{"self":[{"href":"https:\/\/agora.xtec.cat\/ceipmisericordia-reus\/wp-json\/wp\/v2\/posts\/3859","targetHints":{"allow":["GET"]}}],"collection":[{"href":"https:\/\/agora.xtec.cat\/ceipmisericordia-reus\/wp-json\/wp\/v2\/posts"}],"about":[{"href":"https:\/\/agora.xtec.cat\/ceipmisericordia-reus\/wp-json\/wp\/v2\/types\/post"}],"author":[{"embeddable":true,"href":"https:\/\/agora.xtec.cat\/ceipmisericordia-reus\/wp-json\/wp\/v2\/users\/1"}],"replies":[{"embeddable":true,"href":"https:\/\/agora.xtec.cat\/ceipmisericordia-reus\/wp-json\/wp\/v2\/comments?post=3859"}],"version-history":[{"count":0,"href":"https:\/\/agora.xtec.cat\/ceipmisericordia-reus\/wp-json\/wp\/v2\/posts\/3859\/revisions"}],"wp:attachment":[{"href":"https:\/\/agora.xtec.cat\/ceipmisericordia-reus\/wp-json\/wp\/v2\/media?parent=3859"}],"wp:term":[{"taxonomy":"category","embeddable":true,"href":"https:\/\/agora.xtec.cat\/ceipmisericordia-reus\/wp-json\/wp\/v2\/categories?post=3859"},{"taxonomy":"post_tag","embeddable":true,"href":"https:\/\/agora.xtec.cat\/ceipmisericordia-reus\/wp-json\/wp\/v2\/tags?post=3859"}],"curies":[{"name":"wp","href":"https:\/\/api.w.org\/{rel}","templated":true}]}}