{"id":3842,"date":"2018-10-10T10:41:00","date_gmt":"2018-10-10T08:41:00","guid":{"rendered":"https:\/\/agora.xtec.cat\/ceipmisericordia-reus\/general\/els-primers-dies-a-lescola\/"},"modified":"2018-10-10T10:41:00","modified_gmt":"2018-10-10T08:41:00","slug":"els-primers-dies-a-lescola","status":"publish","type":"post","link":"https:\/\/agora.xtec.cat\/ceipmisericordia-reus\/infantil\/els-primers-dies-a-lescola\/","title":{"rendered":"Els primers dies a l&#8217;escola"},"content":{"rendered":"<div style=\"clear: both; text-align: center;\"><u><b>ELS PRIMERS DIES D&#8217;ESCOLA<\/b><\/u><\/div>\n<div style=\"clear: both; text-align: center;\"><\/div>\n<div style=\"clear: both; text-align: center;\"><iframe loading=\"lazy\" allowfullscreen=\"\" data-thumbnail-src=\"https:\/\/i.ytimg.com\/vi\/XfRbsIbXfLE\/0.jpg\" frameborder=\"0\" height=\"266\" src=\"https:\/\/www.youtube.com\/embed\/XfRbsIbXfLE?feature=player_embedded\" width=\"320\"><\/iframe><\/div>\n<p><\/p>\n<div style=\"text-align: center;\">Els nens de la classe de P3, han entrat a l&#8217;escola i aix\u00ed \u00e9s com s&#8217;ho estan passant de b\u00e9!!<\/div>\n<div style=\"text-align: center;\">Jugant a construccions, a la cuina, a cotxes i el millor de tot, a fer nous amics i amigues.&nbsp; <\/div>\n<div style=\"text-align: center;\"><\/div>\n","protected":false},"excerpt":{"rendered":"<p>ELS PRIMERS DIES D&#8217;ESCOLA<\/p>\n<p>Els nens de la classe de P3, han entrat a l&#8217;escola i aix\u00ed \u00e9s com s&#8217;ho estan passant de b\u00e9!!<br \/>\nJugant a construccions, a la cuina, a cotxes i el millor de tot, a fer nous amics i amigues.&nbsp; <\/p>\n","protected":false},"author":1,"featured_media":0,"comment_status":"open","ping_status":"closed","sticky":false,"template":"","format":"standard","meta":{"_bbp_topic_count":0,"_bbp_reply_count":0,"_bbp_total_topic_count":0,"_bbp_total_reply_count":0,"_bbp_voice_count":0,"_bbp_anonymous_reply_count":0,"_bbp_topic_count_hidden":0,"_bbp_reply_count_hidden":0,"_bbp_forum_subforum_count":0,"footnotes":""},"categories":[2,3],"tags":[],"class_list":["post-3842","post","type-post","status-publish","format-standard","hentry","category-infantil","category-p3"],"post_mailing_queue_ids":[],"_links":{"self":[{"href":"https:\/\/agora.xtec.cat\/ceipmisericordia-reus\/wp-json\/wp\/v2\/posts\/3842","targetHints":{"allow":["GET"]}}],"collection":[{"href":"https:\/\/agora.xtec.cat\/ceipmisericordia-reus\/wp-json\/wp\/v2\/posts"}],"about":[{"href":"https:\/\/agora.xtec.cat\/ceipmisericordia-reus\/wp-json\/wp\/v2\/types\/post"}],"author":[{"embeddable":true,"href":"https:\/\/agora.xtec.cat\/ceipmisericordia-reus\/wp-json\/wp\/v2\/users\/1"}],"replies":[{"embeddable":true,"href":"https:\/\/agora.xtec.cat\/ceipmisericordia-reus\/wp-json\/wp\/v2\/comments?post=3842"}],"version-history":[{"count":0,"href":"https:\/\/agora.xtec.cat\/ceipmisericordia-reus\/wp-json\/wp\/v2\/posts\/3842\/revisions"}],"wp:attachment":[{"href":"https:\/\/agora.xtec.cat\/ceipmisericordia-reus\/wp-json\/wp\/v2\/media?parent=3842"}],"wp:term":[{"taxonomy":"category","embeddable":true,"href":"https:\/\/agora.xtec.cat\/ceipmisericordia-reus\/wp-json\/wp\/v2\/categories?post=3842"},{"taxonomy":"post_tag","embeddable":true,"href":"https:\/\/agora.xtec.cat\/ceipmisericordia-reus\/wp-json\/wp\/v2\/tags?post=3842"}],"curies":[{"name":"wp","href":"https:\/\/api.w.org\/{rel}","templated":true}]}}