{"id":3830,"date":"2018-11-06T10:55:00","date_gmt":"2018-11-06T09:55:00","guid":{"rendered":"https:\/\/agora.xtec.cat\/ceipmisericordia-reus\/general\/el-mes-doctubre-a-p3\/"},"modified":"2018-11-06T10:55:00","modified_gmt":"2018-11-06T09:55:00","slug":"el-mes-doctubre-a-p3","status":"publish","type":"post","link":"https:\/\/agora.xtec.cat\/ceipmisericordia-reus\/infantil\/el-mes-doctubre-a-p3\/","title":{"rendered":"El mes d&#8217;Octubre a P3"},"content":{"rendered":"<div style=\"clear: both; text-align: center;\"><iframe loading=\"lazy\" width=\"320\" height=\"266\" data-thumbnail-src=\"https:\/\/i.ytimg.com\/vi\/1Frg-aT-pOU\/0.jpg\" src=\"https:\/\/www.youtube.com\/embed\/1Frg-aT-pOU?feature=player_embedded\" frameborder=\"0\" allowfullscreen><\/iframe><\/div>\n<div style=\"text-align: center;\"><\/div>\n<div style=\"text-align: center;\"><\/div>\n<div style=\"text-align: center;\">Aquestes s\u00f3n algunes de les coses que estem fent a P3.&nbsp;<\/div>\n<div style=\"text-align: center;\">\u00c9s el nostre primer any a l&#8217;escola i ara que ja hem passat el per\u00edode d&#8217;adaptaci\u00f3 i ja quasi no plorem estem jugant, divertint i aprenent moltes coses noves i fent nous amics i amigues.&nbsp;<\/div>\n<div style=\"text-align: center;\">Aquest mes d&#8217;Octubre entre altres coses, hem anat a l&#8217;hort i treballat el conte del Patufet, hem celebrat dos aniversaris, ens ha visitat la castanyera i hem celebrat la seva festa. A m\u00e9s a m\u00e9s de totes les coses que fem a l&#8217;aula.&nbsp;<\/div>\n<div style=\"text-align: center;\">Aqu\u00ed us deixem una petita mostra! Esperem que us agradi!!<\/div>\n","protected":false},"excerpt":{"rendered":"<p>Aquestes s\u00f3n algunes de les coses que estem fent a P3.&nbsp;<br \/>\n\u00c9s el nostre primer any a l&#8217;escola i ara que ja hem passat el per\u00edode d&#8217;adaptaci\u00f3 i ja quasi no plorem estem jugant, divertint i aprenent moltes coses noves i fent nous amics i amigues.&nbsp;<br \/>\nAquest&hellip;  <a href=\"https:\/\/agora.xtec.cat\/ceipmisericordia-reus\/infantil\/el-mes-doctubre-a-p3\/\" title=\"Read El mes d&#8217;Octubre a P3\">Llegeix m\u00e9s\u00bb<\/a><\/p>\n","protected":false},"author":1,"featured_media":0,"comment_status":"open","ping_status":"closed","sticky":false,"template":"","format":"standard","meta":{"_bbp_topic_count":0,"_bbp_reply_count":0,"_bbp_total_topic_count":0,"_bbp_total_reply_count":0,"_bbp_voice_count":0,"_bbp_anonymous_reply_count":0,"_bbp_topic_count_hidden":0,"_bbp_reply_count_hidden":0,"_bbp_forum_subforum_count":0,"footnotes":""},"categories":[2,3],"tags":[],"class_list":["post-3830","post","type-post","status-publish","format-standard","hentry","category-infantil","category-p3"],"post_mailing_queue_ids":[],"_links":{"self":[{"href":"https:\/\/agora.xtec.cat\/ceipmisericordia-reus\/wp-json\/wp\/v2\/posts\/3830","targetHints":{"allow":["GET"]}}],"collection":[{"href":"https:\/\/agora.xtec.cat\/ceipmisericordia-reus\/wp-json\/wp\/v2\/posts"}],"about":[{"href":"https:\/\/agora.xtec.cat\/ceipmisericordia-reus\/wp-json\/wp\/v2\/types\/post"}],"author":[{"embeddable":true,"href":"https:\/\/agora.xtec.cat\/ceipmisericordia-reus\/wp-json\/wp\/v2\/users\/1"}],"replies":[{"embeddable":true,"href":"https:\/\/agora.xtec.cat\/ceipmisericordia-reus\/wp-json\/wp\/v2\/comments?post=3830"}],"version-history":[{"count":0,"href":"https:\/\/agora.xtec.cat\/ceipmisericordia-reus\/wp-json\/wp\/v2\/posts\/3830\/revisions"}],"wp:attachment":[{"href":"https:\/\/agora.xtec.cat\/ceipmisericordia-reus\/wp-json\/wp\/v2\/media?parent=3830"}],"wp:term":[{"taxonomy":"category","embeddable":true,"href":"https:\/\/agora.xtec.cat\/ceipmisericordia-reus\/wp-json\/wp\/v2\/categories?post=3830"},{"taxonomy":"post_tag","embeddable":true,"href":"https:\/\/agora.xtec.cat\/ceipmisericordia-reus\/wp-json\/wp\/v2\/tags?post=3830"}],"curies":[{"name":"wp","href":"https:\/\/api.w.org\/{rel}","templated":true}]}}