{"id":3817,"date":"2018-12-17T14:31:00","date_gmt":"2018-12-17T13:31:00","guid":{"rendered":"https:\/\/agora.xtec.cat\/ceipmisericordia-reus\/general\/nadales-dinfantil-a-la-residencia-davis\/"},"modified":"2018-12-17T14:31:00","modified_gmt":"2018-12-17T13:31:00","slug":"nadales-dinfantil-a-la-residencia-davis","status":"publish","type":"post","link":"https:\/\/agora.xtec.cat\/ceipmisericordia-reus\/infantil\/nadales-dinfantil-a-la-residencia-davis\/","title":{"rendered":"Nadales d&#8217;infantil a la resid\u00e8ncia d&#8217;avis"},"content":{"rendered":"<div style=\"clear: both; text-align: center;\"><iframe loading=\"lazy\" allowfullscreen=\"\" data-thumbnail-src=\"https:\/\/i.ytimg.com\/vi\/ZiLFtDuavAk\/0.jpg\" frameborder=\"0\" height=\"266\" src=\"https:\/\/www.youtube.com\/embed\/ZiLFtDuavAk?feature=player_embedded\" width=\"320\"><\/iframe><\/div>\n<p>Els nens i nenes de P3, P4 i P5 el passat dijous vam anar a la resid\u00e8ncia STS Miseric\u00f2rdia a cantar nadales. Tant avis com nens s&#8217;ho van passar d&#8217;all\u00f2 m\u00e9s b\u00e9. Vam passar una estona molt agradable.<\/p>\n","protected":false},"excerpt":{"rendered":"<p>Els nens i nenes de P3, P4 i P5 el passat dijous vam anar a la resid\u00e8ncia STS Miseric\u00f2rdia a cantar nadales. Tant avis com nens s&#8217;ho van passar d&#8217;all\u00f2 m\u00e9s b\u00e9. Vam passar una estona molt agradable.<\/p>\n","protected":false},"author":1,"featured_media":0,"comment_status":"open","ping_status":"closed","sticky":false,"template":"","format":"standard","meta":{"_bbp_topic_count":0,"_bbp_reply_count":0,"_bbp_total_topic_count":0,"_bbp_total_reply_count":0,"_bbp_voice_count":0,"_bbp_anonymous_reply_count":0,"_bbp_topic_count_hidden":0,"_bbp_reply_count_hidden":0,"_bbp_forum_subforum_count":0,"footnotes":""},"categories":[2],"tags":[],"class_list":["post-3817","post","type-post","status-publish","format-standard","hentry","category-infantil"],"post_mailing_queue_ids":[],"_links":{"self":[{"href":"https:\/\/agora.xtec.cat\/ceipmisericordia-reus\/wp-json\/wp\/v2\/posts\/3817","targetHints":{"allow":["GET"]}}],"collection":[{"href":"https:\/\/agora.xtec.cat\/ceipmisericordia-reus\/wp-json\/wp\/v2\/posts"}],"about":[{"href":"https:\/\/agora.xtec.cat\/ceipmisericordia-reus\/wp-json\/wp\/v2\/types\/post"}],"author":[{"embeddable":true,"href":"https:\/\/agora.xtec.cat\/ceipmisericordia-reus\/wp-json\/wp\/v2\/users\/1"}],"replies":[{"embeddable":true,"href":"https:\/\/agora.xtec.cat\/ceipmisericordia-reus\/wp-json\/wp\/v2\/comments?post=3817"}],"version-history":[{"count":0,"href":"https:\/\/agora.xtec.cat\/ceipmisericordia-reus\/wp-json\/wp\/v2\/posts\/3817\/revisions"}],"wp:attachment":[{"href":"https:\/\/agora.xtec.cat\/ceipmisericordia-reus\/wp-json\/wp\/v2\/media?parent=3817"}],"wp:term":[{"taxonomy":"category","embeddable":true,"href":"https:\/\/agora.xtec.cat\/ceipmisericordia-reus\/wp-json\/wp\/v2\/categories?post=3817"},{"taxonomy":"post_tag","embeddable":true,"href":"https:\/\/agora.xtec.cat\/ceipmisericordia-reus\/wp-json\/wp\/v2\/tags?post=3817"}],"curies":[{"name":"wp","href":"https:\/\/api.w.org\/{rel}","templated":true}]}}