{"id":3814,"date":"2018-12-20T09:50:00","date_gmt":"2018-12-20T08:50:00","guid":{"rendered":"https:\/\/agora.xtec.cat\/ceipmisericordia-reus\/general\/"},"modified":"2018-12-20T09:50:00","modified_gmt":"2018-12-20T08:50:00","slug":"3814","status":"publish","type":"post","link":"https:\/\/agora.xtec.cat\/ceipmisericordia-reus\/primaria\/3814\/","title":{"rendered":""},"content":{"rendered":"<p><span style=\"color: red;\">Els alumnes de 5\u00e8 hem anat a gravar una nadala &#8220;<b>JINGLE BELLS<\/b>&#8220;, en angl\u00e8s, a <u>Canal Reus TV<\/u>.<\/span><br \/><span style=\"color: red;\">Durant les festes nadalenques anirem sortint, juntament amb la gravaci\u00f3 d&#8217;altres escoles, pel Canal Reus TV.<\/span><br \/><span style=\"color: red;\"><br \/><\/span><span style=\"color: red;\">Aqu\u00ed teniu el resultat:<\/span><br \/><span style=\"color: red;\"><br \/><\/span><span style=\"color: red;\"><a href=\"https:\/\/www.youtube.com\/watch?v=bDsMqSVXoqE&amp;feature=youtu.be\" target=\"_blank\" rel=\"noopener noreferrer\">https:\/\/www.youtube.com\/watch?v=bDsMqSVXoqE&amp;feature=youtu.be<\/a><\/span><br \/><span style=\"color: red;\"><br \/><\/span><span style=\"color: red;\">Us adjuntem el pla de les emissions al Canal Reus TV durant les festes de Nadal.<\/span><br \/><span style=\"color: red;\"><br \/><\/span><span style=\"color: red; font-size: large;\">BON NADAL A TOTHOM!!!<\/span><br \/><span style=\"color: red; font-size: large;\"><br \/><\/span><\/p>\n<div style=\"clear: both; text-align: center;\"><a href=\"https:\/\/2.bp.blogspot.com\/-0uBOKcHJTCM\/XBtXkT9qx3I\/AAAAAAAAbrc\/DKwR9DcQg749y66f5dvSewriFhpBcnFvQCLcBGAs\/s1600\/FullSizeRender.jpg\" style=\"margin-left: 1em; margin-right: 1em;\"><img loading=\"lazy\" decoding=\"async\" border=\"0\" data-original-height=\"787\" data-original-width=\"1191\" height=\"211\" src=\"https:\/\/2.bp.blogspot.com\/-0uBOKcHJTCM\/XBtXkT9qx3I\/AAAAAAAAbrc\/DKwR9DcQg749y66f5dvSewriFhpBcnFvQCLcBGAs\/s320\/FullSizeRender.jpg\" width=\"320\" \/><\/a><\/div>\n<p><\/p>\n<div style=\"clear: both; text-align: center;\"><a href=\"https:\/\/1.bp.blogspot.com\/-G0f2vPuCZKo\/XBtXkolFROI\/AAAAAAAAbrk\/mCy4OZoIht4uiCYeRh6EW_pcGq3xKnH0gCLcBGAs\/s1600\/IMG_8500.JPG\" style=\"margin-left: 1em; margin-right: 1em;\"><img loading=\"lazy\" decoding=\"async\" border=\"0\" data-original-height=\"1200\" data-original-width=\"1600\" height=\"240\" src=\"https:\/\/1.bp.blogspot.com\/-G0f2vPuCZKo\/XBtXkolFROI\/AAAAAAAAbrk\/mCy4OZoIht4uiCYeRh6EW_pcGq3xKnH0gCLcBGAs\/s320\/IMG_8500.JPG\" width=\"320\" \/><\/a><\/div>\n<p><\/p>\n<div style=\"clear: both; text-align: center;\"><a href=\"https:\/\/1.bp.blogspot.com\/-cKiZ6mYYX9A\/XBtXkoPfuJI\/AAAAAAAAbrg\/yFvGqYhwBSIl5NmSr87041M7IOXbiYYlQCLcBGAs\/s1600\/IMG_8501.JPG\" style=\"margin-left: 1em; margin-right: 1em;\"><img loading=\"lazy\" decoding=\"async\" border=\"0\" data-original-height=\"1200\" data-original-width=\"1600\" height=\"240\" src=\"https:\/\/1.bp.blogspot.com\/-cKiZ6mYYX9A\/XBtXkoPfuJI\/AAAAAAAAbrg\/yFvGqYhwBSIl5NmSr87041M7IOXbiYYlQCLcBGAs\/s320\/IMG_8501.JPG\" width=\"320\" \/><\/a><\/div>\n<div style=\"clear: both; text-align: center;\"><\/div>\n<div style=\"clear: both; text-align: center;\"><\/div>\n<p><span style=\"color: red; font-size: large;\"><br \/><\/span><\/p>\n","protected":false},"excerpt":{"rendered":"<p>Els alumnes de 5\u00e8 hem anat a gravar una nadala &#8220;JINGLE BELLS&#8220;, en angl\u00e8s, a Canal Reus TV.Durant les festes nadalenques anirem sortint, juntament amb la gravaci\u00f3 d&#8217;altres escoles, pel Canal Reus TV.Aqu\u00ed teniu el resultat:<a href=\"https:\/\/www.youtube.com\/watch?v=bDsMqSVXoqE&amp;feature=youtu.be\" target=\"_blank\" rel=\"noopener noreferrer\">https:\/\/www.youtube.com\/watch?v=bDsMqSVXoqE&amp;feature=youtu.be<\/a>Us adjuntem el pla de les&hellip;  <a href=\"https:\/\/agora.xtec.cat\/ceipmisericordia-reus\/primaria\/3814\/\" title=\"Read \">Llegeix m\u00e9s\u00bb<\/a><\/p>\n","protected":false},"author":1,"featured_media":0,"comment_status":"open","ping_status":"closed","sticky":false,"template":"","format":"standard","meta":{"_bbp_topic_count":0,"_bbp_reply_count":0,"_bbp_total_topic_count":0,"_bbp_total_reply_count":0,"_bbp_voice_count":0,"_bbp_anonymous_reply_count":0,"_bbp_topic_count_hidden":0,"_bbp_reply_count_hidden":0,"_bbp_forum_subforum_count":0,"footnotes":""},"categories":[14,84,80,76,81,5],"tags":[],"class_list":["post-3814","post","type-post","status-publish","format-standard","hentry","category-5e","category-angles","category-cicle-superior","category-festes","category-musica","category-primaria"],"post_mailing_queue_ids":[],"_links":{"self":[{"href":"https:\/\/agora.xtec.cat\/ceipmisericordia-reus\/wp-json\/wp\/v2\/posts\/3814","targetHints":{"allow":["GET"]}}],"collection":[{"href":"https:\/\/agora.xtec.cat\/ceipmisericordia-reus\/wp-json\/wp\/v2\/posts"}],"about":[{"href":"https:\/\/agora.xtec.cat\/ceipmisericordia-reus\/wp-json\/wp\/v2\/types\/post"}],"author":[{"embeddable":true,"href":"https:\/\/agora.xtec.cat\/ceipmisericordia-reus\/wp-json\/wp\/v2\/users\/1"}],"replies":[{"embeddable":true,"href":"https:\/\/agora.xtec.cat\/ceipmisericordia-reus\/wp-json\/wp\/v2\/comments?post=3814"}],"version-history":[{"count":0,"href":"https:\/\/agora.xtec.cat\/ceipmisericordia-reus\/wp-json\/wp\/v2\/posts\/3814\/revisions"}],"wp:attachment":[{"href":"https:\/\/agora.xtec.cat\/ceipmisericordia-reus\/wp-json\/wp\/v2\/media?parent=3814"}],"wp:term":[{"taxonomy":"category","embeddable":true,"href":"https:\/\/agora.xtec.cat\/ceipmisericordia-reus\/wp-json\/wp\/v2\/categories?post=3814"},{"taxonomy":"post_tag","embeddable":true,"href":"https:\/\/agora.xtec.cat\/ceipmisericordia-reus\/wp-json\/wp\/v2\/tags?post=3814"}],"curies":[{"name":"wp","href":"https:\/\/api.w.org\/{rel}","templated":true}]}}