{"id":3798,"date":"2019-02-09T17:14:00","date_gmt":"2019-02-09T16:14:00","guid":{"rendered":"https:\/\/agora.xtec.cat\/ceipmisericordia-reus\/general\/"},"modified":"2019-02-09T17:14:00","modified_gmt":"2019-02-09T16:14:00","slug":"3798","status":"publish","type":"post","link":"https:\/\/agora.xtec.cat\/ceipmisericordia-reus\/primaria\/3798\/","title":{"rendered":""},"content":{"rendered":"<p><span style=\"font-size: large;\"><br \/><\/span><span style=\"font-size: large;\">ELS ALUMNES DE 6\u00e8 PREPAREM LA PRESENTACI\u00d3 DE LA NOSTRA BATUCADA.<\/span><br \/><span style=\"font-size: large;\">PRESENTACI\u00d3 PER CARNAVAL!!!<\/span><br \/><span style=\"font-size: large;\">ESTIGUEU ATENTS!!!<\/span><br \/><span style=\"font-size: large;\"><br \/><\/span><\/p>\n<div style=\"clear: both; text-align: center;\"><object id=\"BLOG_video-2613c472d83f4a24\" content width=\"320\" height=\"266\"><\/object><\/div>\n<p><span style=\"font-size: large;\"><br \/><\/span><\/p>\n","protected":false},"excerpt":{"rendered":"<p>ELS ALUMNES DE 6\u00e8 PREPAREM LA PRESENTACI\u00d3 DE LA NOSTRA BATUCADA.PRESENTACI\u00d3 PER CARNAVAL!!!ESTIGUEU ATENTS!!!<\/p>\n","protected":false},"author":1,"featured_media":0,"comment_status":"open","ping_status":"closed","sticky":false,"template":"","format":"standard","meta":{"_bbp_topic_count":0,"_bbp_reply_count":0,"_bbp_total_topic_count":0,"_bbp_total_reply_count":0,"_bbp_voice_count":0,"_bbp_anonymous_reply_count":0,"_bbp_topic_count_hidden":0,"_bbp_reply_count_hidden":0,"_bbp_forum_subforum_count":0,"footnotes":""},"categories":[15,80,81,5],"tags":[],"class_list":["post-3798","post","type-post","status-publish","format-standard","hentry","category-6e","category-cicle-superior","category-musica","category-primaria"],"post_mailing_queue_ids":[],"_links":{"self":[{"href":"https:\/\/agora.xtec.cat\/ceipmisericordia-reus\/wp-json\/wp\/v2\/posts\/3798","targetHints":{"allow":["GET"]}}],"collection":[{"href":"https:\/\/agora.xtec.cat\/ceipmisericordia-reus\/wp-json\/wp\/v2\/posts"}],"about":[{"href":"https:\/\/agora.xtec.cat\/ceipmisericordia-reus\/wp-json\/wp\/v2\/types\/post"}],"author":[{"embeddable":true,"href":"https:\/\/agora.xtec.cat\/ceipmisericordia-reus\/wp-json\/wp\/v2\/users\/1"}],"replies":[{"embeddable":true,"href":"https:\/\/agora.xtec.cat\/ceipmisericordia-reus\/wp-json\/wp\/v2\/comments?post=3798"}],"version-history":[{"count":0,"href":"https:\/\/agora.xtec.cat\/ceipmisericordia-reus\/wp-json\/wp\/v2\/posts\/3798\/revisions"}],"wp:attachment":[{"href":"https:\/\/agora.xtec.cat\/ceipmisericordia-reus\/wp-json\/wp\/v2\/media?parent=3798"}],"wp:term":[{"taxonomy":"category","embeddable":true,"href":"https:\/\/agora.xtec.cat\/ceipmisericordia-reus\/wp-json\/wp\/v2\/categories?post=3798"},{"taxonomy":"post_tag","embeddable":true,"href":"https:\/\/agora.xtec.cat\/ceipmisericordia-reus\/wp-json\/wp\/v2\/tags?post=3798"}],"curies":[{"name":"wp","href":"https:\/\/api.w.org\/{rel}","templated":true}]}}