{"id":3793,"date":"2019-02-20T12:43:00","date_gmt":"2019-02-20T11:43:00","guid":{"rendered":"https:\/\/agora.xtec.cat\/ceipmisericordia-reus\/general\/p4-a-la-biblioteca-de-lescola\/"},"modified":"2019-02-20T12:43:00","modified_gmt":"2019-02-20T11:43:00","slug":"p4-a-la-biblioteca-de-lescola","status":"publish","type":"post","link":"https:\/\/agora.xtec.cat\/ceipmisericordia-reus\/infantil\/p4-a-la-biblioteca-de-lescola\/","title":{"rendered":"P4 a la Biblioteca de l&#8217;escola"},"content":{"rendered":"<div style=\"clear: both; text-align: center;\"><\/div>\n<div style=\"clear: both; text-align: center;\"><iframe loading=\"lazy\" allowfullscreen=\"\" data-thumbnail-src=\"https:\/\/i.ytimg.com\/vi\/CfKvXjCL4u8\/0.jpg\" frameborder=\"0\" height=\"266\" src=\"https:\/\/www.youtube.com\/embed\/CfKvXjCL4u8?feature=player_embedded\" width=\"320\"><\/iframe><\/div>\n<p><span><\/span><span><\/span><br \/>Als nens de P4 ens agraden molt els contes i per aix\u00f2 els dimarts al mat\u00ed anem a la biblioteca a mirar contes o b\u00e9 hi anem per a qu\u00e8 ens en llegeixin. Us animeu a anar-hi vosaltres tamb\u00e9?<\/p>\n","protected":false},"excerpt":{"rendered":"<p>Als nens de P4 ens agraden molt els contes i per aix\u00f2 els dimarts al mat\u00ed anem a la biblioteca a mirar contes o b\u00e9 hi anem per a qu\u00e8 ens en llegeixin. Us animeu a anar-hi vosaltres tamb\u00e9?<\/p>\n","protected":false},"author":1,"featured_media":0,"comment_status":"open","ping_status":"closed","sticky":false,"template":"","format":"standard","meta":{"_bbp_topic_count":0,"_bbp_reply_count":0,"_bbp_total_topic_count":0,"_bbp_total_reply_count":0,"_bbp_voice_count":0,"_bbp_anonymous_reply_count":0,"_bbp_topic_count_hidden":0,"_bbp_reply_count_hidden":0,"_bbp_forum_subforum_count":0,"footnotes":""},"categories":[77,2,8],"tags":[],"class_list":["post-3793","post","type-post","status-publish","format-standard","hentry","category-biblioteca","category-infantil","category-p4"],"post_mailing_queue_ids":[],"_links":{"self":[{"href":"https:\/\/agora.xtec.cat\/ceipmisericordia-reus\/wp-json\/wp\/v2\/posts\/3793","targetHints":{"allow":["GET"]}}],"collection":[{"href":"https:\/\/agora.xtec.cat\/ceipmisericordia-reus\/wp-json\/wp\/v2\/posts"}],"about":[{"href":"https:\/\/agora.xtec.cat\/ceipmisericordia-reus\/wp-json\/wp\/v2\/types\/post"}],"author":[{"embeddable":true,"href":"https:\/\/agora.xtec.cat\/ceipmisericordia-reus\/wp-json\/wp\/v2\/users\/1"}],"replies":[{"embeddable":true,"href":"https:\/\/agora.xtec.cat\/ceipmisericordia-reus\/wp-json\/wp\/v2\/comments?post=3793"}],"version-history":[{"count":0,"href":"https:\/\/agora.xtec.cat\/ceipmisericordia-reus\/wp-json\/wp\/v2\/posts\/3793\/revisions"}],"wp:attachment":[{"href":"https:\/\/agora.xtec.cat\/ceipmisericordia-reus\/wp-json\/wp\/v2\/media?parent=3793"}],"wp:term":[{"taxonomy":"category","embeddable":true,"href":"https:\/\/agora.xtec.cat\/ceipmisericordia-reus\/wp-json\/wp\/v2\/categories?post=3793"},{"taxonomy":"post_tag","embeddable":true,"href":"https:\/\/agora.xtec.cat\/ceipmisericordia-reus\/wp-json\/wp\/v2\/tags?post=3793"}],"curies":[{"name":"wp","href":"https:\/\/api.w.org\/{rel}","templated":true}]}}