{"id":3785,"date":"2019-03-12T10:54:00","date_gmt":"2019-03-12T09:54:00","guid":{"rendered":"https:\/\/agora.xtec.cat\/ceipmisericordia-reus\/general\/reus-rugbi-club\/"},"modified":"2019-03-12T10:54:00","modified_gmt":"2019-03-12T09:54:00","slug":"reus-rugbi-club","status":"publish","type":"post","link":"https:\/\/agora.xtec.cat\/ceipmisericordia-reus\/primaria\/3r\/reus-rugbi-club\/","title":{"rendered":"Reus Rugbi Club"},"content":{"rendered":"<p>El passat dijous 7 de mar\u00e7 les classes de 3r, 5\u00e8 i 6\u00e8 van assistir a una jornada per l&#8217;aprenentatge del rugbi. L&#8217;escola va ser convidada a les instal\u00b7lacions municipals de la Pastoreta pel Reus Rugbi Club.<br \/>All\u00e0 els\/les monitors\/es van ensenyar-nos mitjan\u00e7ant activitats i jocs algunes capacitats t\u00e8cniques d&#8217;aquest esport.<br \/>Volem agrair la invitaci\u00f3 i la dedicaci\u00f3 del club cap als nostres alumnes.<br \/>Si alg\u00fa esta interessat en con\u00e8ixer m\u00e9s sobre aquest esport el club va deixar les portes obertes per rebre&#8217;ns.<br \/>Fins aviat Reus Rugbi Club!<\/p>\n<div style=\"clear: both; text-align: center;\"><\/div>\n<p><\/p>\n<div style=\"clear: both; text-align: center;\"><a href=\"https:\/\/4.bp.blogspot.com\/-ivSaVJzbQB0\/XIeBb1GwYHI\/AAAAAAAAb-o\/muydtHlfuXAHsTHurNxHNTIbtw82-pXiwCLcBGAs\/s1600\/AWOTE8499%255B1%255D.JPG\" style=\"margin-left: 1em; margin-right: 1em;\"><img loading=\"lazy\" decoding=\"async\" border=\"0\" data-original-height=\"898\" data-original-width=\"940\" height=\"305\" src=\"https:\/\/4.bp.blogspot.com\/-ivSaVJzbQB0\/XIeBb1GwYHI\/AAAAAAAAb-o\/muydtHlfuXAHsTHurNxHNTIbtw82-pXiwCLcBGAs\/s320\/AWOTE8499%255B1%255D.JPG\" width=\"320\" \/><\/a><\/div>\n<p><\/p>\n<div style=\"clear: both; text-align: center;\"><a href=\"https:\/\/3.bp.blogspot.com\/-6RkTMg39zII\/XIeBf3hGEwI\/AAAAAAAAb-s\/F1H9NjrrFSESEDazAVYzF0xQ8bJ1nHVaACLcBGAs\/s1600\/HSNLE4009%255B1%255D.JPG\" style=\"margin-left: 1em; margin-right: 1em;\"><img loading=\"lazy\" decoding=\"async\" border=\"0\" data-original-height=\"1171\" data-original-width=\"1142\" height=\"320\" src=\"https:\/\/3.bp.blogspot.com\/-6RkTMg39zII\/XIeBf3hGEwI\/AAAAAAAAb-s\/F1H9NjrrFSESEDazAVYzF0xQ8bJ1nHVaACLcBGAs\/s320\/HSNLE4009%255B1%255D.JPG\" width=\"312\" \/><\/a><\/div>\n<p><\/p>\n<div style=\"clear: both; text-align: center;\"><a href=\"https:\/\/4.bp.blogspot.com\/-Vr1WtFJPugs\/XIeBlMITM8I\/AAAAAAAAb-w\/igYjAtHk1yw1YNj9QwXtNMEI4Aqb__2eQCLcBGAs\/s1600\/NOEX9933%255B1%255D.JPG\" style=\"margin-left: 1em; margin-right: 1em;\"><img loading=\"lazy\" decoding=\"async\" border=\"0\" data-original-height=\"1200\" data-original-width=\"1600\" height=\"240\" src=\"https:\/\/4.bp.blogspot.com\/-Vr1WtFJPugs\/XIeBlMITM8I\/AAAAAAAAb-w\/igYjAtHk1yw1YNj9QwXtNMEI4Aqb__2eQCLcBGAs\/s320\/NOEX9933%255B1%255D.JPG\" width=\"320\" \/><\/a><\/div>\n<p><\/p>\n","protected":false},"excerpt":{"rendered":"<p>El passat dijous 7 de mar\u00e7 les classes de 3r, 5\u00e8 i 6\u00e8 van assistir a una jornada per l&#8217;aprenentatge del rugbi. L&#8217;escola va ser convidada a les instal\u00b7lacions municipals de la Pastoreta pel Reus Rugbi Club.All\u00e0 els\/les monitors\/es van ensenyar-nos mitjan\u00e7ant activitats i jocs&hellip;  <a href=\"https:\/\/agora.xtec.cat\/ceipmisericordia-reus\/primaria\/3r\/reus-rugbi-club\/\" title=\"Read Reus Rugbi Club\">Llegeix m\u00e9s\u00bb<\/a><\/p>\n","protected":false},"author":1,"featured_media":0,"comment_status":"open","ping_status":"closed","sticky":false,"template":"","format":"standard","meta":{"_bbp_topic_count":0,"_bbp_reply_count":0,"_bbp_total_topic_count":0,"_bbp_total_reply_count":0,"_bbp_voice_count":0,"_bbp_anonymous_reply_count":0,"_bbp_topic_count_hidden":0,"_bbp_reply_count_hidden":0,"_bbp_forum_subforum_count":0,"footnotes":""},"categories":[12,14,15,82],"tags":[],"class_list":["post-3785","post","type-post","status-publish","format-standard","hentry","category-3r","category-5e","category-6e","category-ed-fisica"],"post_mailing_queue_ids":[],"_links":{"self":[{"href":"https:\/\/agora.xtec.cat\/ceipmisericordia-reus\/wp-json\/wp\/v2\/posts\/3785","targetHints":{"allow":["GET"]}}],"collection":[{"href":"https:\/\/agora.xtec.cat\/ceipmisericordia-reus\/wp-json\/wp\/v2\/posts"}],"about":[{"href":"https:\/\/agora.xtec.cat\/ceipmisericordia-reus\/wp-json\/wp\/v2\/types\/post"}],"author":[{"embeddable":true,"href":"https:\/\/agora.xtec.cat\/ceipmisericordia-reus\/wp-json\/wp\/v2\/users\/1"}],"replies":[{"embeddable":true,"href":"https:\/\/agora.xtec.cat\/ceipmisericordia-reus\/wp-json\/wp\/v2\/comments?post=3785"}],"version-history":[{"count":0,"href":"https:\/\/agora.xtec.cat\/ceipmisericordia-reus\/wp-json\/wp\/v2\/posts\/3785\/revisions"}],"wp:attachment":[{"href":"https:\/\/agora.xtec.cat\/ceipmisericordia-reus\/wp-json\/wp\/v2\/media?parent=3785"}],"wp:term":[{"taxonomy":"category","embeddable":true,"href":"https:\/\/agora.xtec.cat\/ceipmisericordia-reus\/wp-json\/wp\/v2\/categories?post=3785"},{"taxonomy":"post_tag","embeddable":true,"href":"https:\/\/agora.xtec.cat\/ceipmisericordia-reus\/wp-json\/wp\/v2\/tags?post=3785"}],"curies":[{"name":"wp","href":"https:\/\/api.w.org\/{rel}","templated":true}]}}