{"id":3774,"date":"2019-03-24T21:03:00","date_gmt":"2019-03-24T20:03:00","guid":{"rendered":"https:\/\/agora.xtec.cat\/ceipmisericordia-reus\/general\/"},"modified":"2019-03-24T21:03:00","modified_gmt":"2019-03-24T20:03:00","slug":"3774","status":"publish","type":"post","link":"https:\/\/agora.xtec.cat\/ceipmisericordia-reus\/infantil\/3774\/","title":{"rendered":""},"content":{"rendered":"<div style=\"clear: both; text-align: center;\"><iframe loading=\"lazy\" allowfullscreen=\"\" data-thumbnail-src=\"https:\/\/i.ytimg.com\/vi\/ZTPec8H8Crs\/0.jpg\" frameborder=\"0\" height=\"266\" src=\"https:\/\/www.youtube.com\/embed\/ZTPec8H8Crs?feature=player_embedded\" width=\"320\"><\/iframe><\/div>\n<p><\/p>\n<div style=\"text-align: justify;\">Aquest curs a infantil hem iniciat una nova modalitat de Tallers Internivells en el que els nens de P3, P4 i P5 van lliurement per els diferents espais preparats, escollint aquella activitat que m\u00e9s els hi agrada. Ha tingut molt d&#8217;\u00e8xit i els nens r\u00e0pidament s&#8217;hi han acostumat. S&#8217;ho passen d&#8217;all\u00f2 m\u00e9s b\u00e9. <\/div>\n","protected":false},"excerpt":{"rendered":"<p>Aquest curs a infantil hem iniciat una nova modalitat de Tallers Internivells en el que els nens de P3, P4 i P5 van lliurement per els diferents espais preparats, escollint aquella activitat que m\u00e9s els hi agrada. Ha tingut molt d&#8217;\u00e8xit i els nens r\u00e0pidament&hellip;  <a href=\"https:\/\/agora.xtec.cat\/ceipmisericordia-reus\/infantil\/3774\/\" title=\"Read \">Llegeix m\u00e9s\u00bb<\/a><\/p>\n","protected":false},"author":1,"featured_media":0,"comment_status":"open","ping_status":"closed","sticky":false,"template":"","format":"standard","meta":{"_bbp_topic_count":0,"_bbp_reply_count":0,"_bbp_total_topic_count":0,"_bbp_total_reply_count":0,"_bbp_voice_count":0,"_bbp_anonymous_reply_count":0,"_bbp_topic_count_hidden":0,"_bbp_reply_count_hidden":0,"_bbp_forum_subforum_count":0,"footnotes":""},"categories":[2,3,8,9],"tags":[],"class_list":["post-3774","post","type-post","status-publish","format-standard","hentry","category-infantil","category-p3","category-p4","category-p5"],"post_mailing_queue_ids":[],"_links":{"self":[{"href":"https:\/\/agora.xtec.cat\/ceipmisericordia-reus\/wp-json\/wp\/v2\/posts\/3774","targetHints":{"allow":["GET"]}}],"collection":[{"href":"https:\/\/agora.xtec.cat\/ceipmisericordia-reus\/wp-json\/wp\/v2\/posts"}],"about":[{"href":"https:\/\/agora.xtec.cat\/ceipmisericordia-reus\/wp-json\/wp\/v2\/types\/post"}],"author":[{"embeddable":true,"href":"https:\/\/agora.xtec.cat\/ceipmisericordia-reus\/wp-json\/wp\/v2\/users\/1"}],"replies":[{"embeddable":true,"href":"https:\/\/agora.xtec.cat\/ceipmisericordia-reus\/wp-json\/wp\/v2\/comments?post=3774"}],"version-history":[{"count":0,"href":"https:\/\/agora.xtec.cat\/ceipmisericordia-reus\/wp-json\/wp\/v2\/posts\/3774\/revisions"}],"wp:attachment":[{"href":"https:\/\/agora.xtec.cat\/ceipmisericordia-reus\/wp-json\/wp\/v2\/media?parent=3774"}],"wp:term":[{"taxonomy":"category","embeddable":true,"href":"https:\/\/agora.xtec.cat\/ceipmisericordia-reus\/wp-json\/wp\/v2\/categories?post=3774"},{"taxonomy":"post_tag","embeddable":true,"href":"https:\/\/agora.xtec.cat\/ceipmisericordia-reus\/wp-json\/wp\/v2\/tags?post=3774"}],"curies":[{"name":"wp","href":"https:\/\/api.w.org\/{rel}","templated":true}]}}