{"id":3770,"date":"2019-03-27T10:23:00","date_gmt":"2019-03-27T09:23:00","guid":{"rendered":"https:\/\/agora.xtec.cat\/ceipmisericordia-reus\/general\/olimpiada-escolar-2019\/"},"modified":"2019-03-27T10:23:00","modified_gmt":"2019-03-27T09:23:00","slug":"olimpiada-escolar-2019","status":"publish","type":"post","link":"https:\/\/agora.xtec.cat\/ceipmisericordia-reus\/primaria\/olimpiada-escolar-2019\/","title":{"rendered":"OLIMP\u00cdADA ESCOLAR 2019"},"content":{"rendered":"<p><span style=\"font-family: Arial, Helvetica, sans-serif;\">Els darrers dies l&#8217;alumnat de l&#8217;escola participa a la 37a Olimp\u00edada Escolar de Reus.<\/span><br \/><span style=\"font-family: Arial, Helvetica, sans-serif;\">Han participat en esports com el tennis-taula, b\u00e0dminton, escacs i atletisme. Properament us oferirem les seves impressions, de moment aqu\u00ed teniu un avan\u00e7 en forma d&#8217;imatges.<\/span><br \/><span style=\"font-family: Arial, Helvetica, sans-serif;\"><br \/><\/span><\/p>\n<div style=\"clear: both; text-align: center;\"><a href=\"https:\/\/1.bp.blogspot.com\/-fCH_mkCRo1c\/XJtANKhFiCI\/AAAAAAAAcBw\/AuQfq0VenAYG861SmTlj8mJibw64L_RdgCLcBGAs\/s1600\/IMG_4872%255B1%255D.JPG\" style=\"margin-left: 1em; margin-right: 1em;\"><img loading=\"lazy\" decoding=\"async\" border=\"0\" data-original-height=\"1200\" data-original-width=\"1600\" height=\"240\" src=\"https:\/\/1.bp.blogspot.com\/-fCH_mkCRo1c\/XJtANKhFiCI\/AAAAAAAAcBw\/AuQfq0VenAYG861SmTlj8mJibw64L_RdgCLcBGAs\/s320\/IMG_4872%255B1%255D.JPG\" width=\"320\" \/><\/a><\/div>\n<p><\/p>\n<div style=\"clear: both; text-align: center;\"><a href=\"https:\/\/2.bp.blogspot.com\/-DQITVEeykg0\/XJtAUjx7EzI\/AAAAAAAAcB0\/G9_3O8_MQFQwPNl5IXhjEWGaMM3UapaCQCLcBGAs\/s1600\/IMG_E4775%255B1%255D.JPG\" style=\"margin-left: 1em; margin-right: 1em;\"><img loading=\"lazy\" decoding=\"async\" border=\"0\" data-original-height=\"703\" data-original-width=\"529\" height=\"320\" src=\"https:\/\/2.bp.blogspot.com\/-DQITVEeykg0\/XJtAUjx7EzI\/AAAAAAAAcB0\/G9_3O8_MQFQwPNl5IXhjEWGaMM3UapaCQCLcBGAs\/s320\/IMG_E4775%255B1%255D.JPG\" width=\"240\" \/><\/a><\/div>\n<p><\/p>\n","protected":false},"excerpt":{"rendered":"<p>Els darrers dies l&#8217;alumnat de l&#8217;escola participa a la 37a Olimp\u00edada Escolar de Reus.Han participat en esports com el tennis-taula, b\u00e0dminton, escacs i atletisme. Properament us oferirem les seves impressions, de moment aqu\u00ed teniu un avan\u00e7 en forma d&#8217;imatges.<br \/>\n<a href=\"https:\/\/1.bp.blogspot.com\/-fCH_mkCRo1c\/XJtANKhFiCI\/AAAAAAAAcBw\/AuQfq0VenAYG861SmTlj8mJibw64L_RdgCLcBGAs\/s1600\/IMG_4872%255B1%255D.JPG\" style=\"margin-left: 1em; margin-right: 1em;\"><\/a><\/p>\n<p><a href=\"https:\/\/2.bp.blogspot.com\/-DQITVEeykg0\/XJtAUjx7EzI\/AAAAAAAAcB0\/G9_3O8_MQFQwPNl5IXhjEWGaMM3UapaCQCLcBGAs\/s1600\/IMG_E4775%255B1%255D.JPG\"&hellip;  <a href=\"https:\/\/agora.xtec.cat\/ceipmisericordia-reus\/primaria\/olimpiada-escolar-2019\/\" title=\"Read OLIMP\u00cdADA ESCOLAR 2019\">Llegeix m\u00e9s\u00bb<\/a><\/p>\n","protected":false},"author":1,"featured_media":0,"comment_status":"open","ping_status":"closed","sticky":false,"template":"","format":"standard","meta":{"_bbp_topic_count":0,"_bbp_reply_count":0,"_bbp_total_topic_count":0,"_bbp_total_reply_count":0,"_bbp_voice_count":0,"_bbp_anonymous_reply_count":0,"_bbp_topic_count_hidden":0,"_bbp_reply_count_hidden":0,"_bbp_forum_subforum_count":0,"footnotes":""},"categories":[82,5],"tags":[],"class_list":["post-3770","post","type-post","status-publish","format-standard","hentry","category-ed-fisica","category-primaria"],"post_mailing_queue_ids":[],"_links":{"self":[{"href":"https:\/\/agora.xtec.cat\/ceipmisericordia-reus\/wp-json\/wp\/v2\/posts\/3770","targetHints":{"allow":["GET"]}}],"collection":[{"href":"https:\/\/agora.xtec.cat\/ceipmisericordia-reus\/wp-json\/wp\/v2\/posts"}],"about":[{"href":"https:\/\/agora.xtec.cat\/ceipmisericordia-reus\/wp-json\/wp\/v2\/types\/post"}],"author":[{"embeddable":true,"href":"https:\/\/agora.xtec.cat\/ceipmisericordia-reus\/wp-json\/wp\/v2\/users\/1"}],"replies":[{"embeddable":true,"href":"https:\/\/agora.xtec.cat\/ceipmisericordia-reus\/wp-json\/wp\/v2\/comments?post=3770"}],"version-history":[{"count":0,"href":"https:\/\/agora.xtec.cat\/ceipmisericordia-reus\/wp-json\/wp\/v2\/posts\/3770\/revisions"}],"wp:attachment":[{"href":"https:\/\/agora.xtec.cat\/ceipmisericordia-reus\/wp-json\/wp\/v2\/media?parent=3770"}],"wp:term":[{"taxonomy":"category","embeddable":true,"href":"https:\/\/agora.xtec.cat\/ceipmisericordia-reus\/wp-json\/wp\/v2\/categories?post=3770"},{"taxonomy":"post_tag","embeddable":true,"href":"https:\/\/agora.xtec.cat\/ceipmisericordia-reus\/wp-json\/wp\/v2\/tags?post=3770"}],"curies":[{"name":"wp","href":"https:\/\/api.w.org\/{rel}","templated":true}]}}