{"id":3766,"date":"2019-04-02T10:34:00","date_gmt":"2019-04-02T08:34:00","guid":{"rendered":"https:\/\/agora.xtec.cat\/ceipmisericordia-reus\/general\/estudiem-un-mapa-politic-de-catalunya\/"},"modified":"2019-04-02T10:34:00","modified_gmt":"2019-04-02T08:34:00","slug":"estudiem-un-mapa-politic-de-catalunya","status":"publish","type":"post","link":"https:\/\/agora.xtec.cat\/ceipmisericordia-reus\/primaria\/5e\/estudiem-un-mapa-politic-de-catalunya\/","title":{"rendered":"ESTUDIEM UN MAPA POL\u00cdTIC DE CATALUNYA"},"content":{"rendered":"<p>Avui hem aprofitat per repassar el tema 7 d&#8217;una manera m\u00e9s interactiva. Amb l&#8217;ajuda del llibre hem anat descobrint les comarques de Catalunya. El joc de la tauleta \u00e9s molt divertit i segur que ens ajudar\u00e0 a recordar-ho millor!<\/p>\n<div style=\"clear: both; text-align: center;\"><a href=\"https:\/\/4.bp.blogspot.com\/-8OXJGBuh44M\/XKMsKSM1xHI\/AAAAAAAAcFY\/XC1Wy9l46bAsjCqrfhsm__QPXbZ8fwHsACLcBGAs\/s1600\/image1.jpeg\" style=\"margin-left: 1em; margin-right: 1em;\"><img loading=\"lazy\" decoding=\"async\" border=\"0\" data-original-height=\"480\" data-original-width=\"640\" height=\"240\" src=\"https:\/\/4.bp.blogspot.com\/-8OXJGBuh44M\/XKMsKSM1xHI\/AAAAAAAAcFY\/XC1Wy9l46bAsjCqrfhsm__QPXbZ8fwHsACLcBGAs\/s320\/image1.jpeg\" width=\"320\" \/><\/a><\/div>\n<p><\/p>\n<div style=\"clear: both; text-align: center;\"><\/div>\n<p><\/p>\n<div style=\"clear: both; text-align: center;\"><a href=\"https:\/\/3.bp.blogspot.com\/-AQBPJIKj41k\/XKMsTaYYrpI\/AAAAAAAAcFc\/OjkOZV1AQ_QVfxWNFMAEOmw1T8iXgWHkACLcBGAs\/s1600\/image3.jpeg\" style=\"margin-left: 1em; margin-right: 1em;\"><img loading=\"lazy\" decoding=\"async\" border=\"0\" data-original-height=\"480\" data-original-width=\"640\" height=\"240\" src=\"https:\/\/3.bp.blogspot.com\/-AQBPJIKj41k\/XKMsTaYYrpI\/AAAAAAAAcFc\/OjkOZV1AQ_QVfxWNFMAEOmw1T8iXgWHkACLcBGAs\/s320\/image3.jpeg\" width=\"320\" \/><\/a><\/div>\n<p><\/p>\n<div style=\"clear: both; text-align: center;\"><a href=\"https:\/\/3.bp.blogspot.com\/-Vk2hXuFZzRk\/XKMsYm_r9eI\/AAAAAAAAcFg\/vS4xE8McOhwDvgOfTLrHMvtWNyB-M2w4gCLcBGAs\/s1600\/image2.jpeg\" style=\"margin-left: 1em; margin-right: 1em;\"><img loading=\"lazy\" decoding=\"async\" border=\"0\" data-original-height=\"480\" data-original-width=\"640\" height=\"240\" src=\"https:\/\/3.bp.blogspot.com\/-Vk2hXuFZzRk\/XKMsYm_r9eI\/AAAAAAAAcFg\/vS4xE8McOhwDvgOfTLrHMvtWNyB-M2w4gCLcBGAs\/s320\/image2.jpeg\" width=\"320\" \/><\/a><\/div>\n<p><\/p>\n","protected":false},"excerpt":{"rendered":"<p>Avui hem aprofitat per repassar el tema 7 d&#8217;una manera m\u00e9s interactiva. Amb l&#8217;ajuda del llibre hem anat descobrint les comarques de Catalunya. El joc de la tauleta \u00e9s molt divertit i segur que ens ajudar\u00e0 a recordar-ho millor!<br \/>\n<a href=\"https:\/\/4.bp.blogspot.com\/-8OXJGBuh44M\/XKMsKSM1xHI\/AAAAAAAAcFY\/XC1Wy9l46bAsjCqrfhsm__QPXbZ8fwHsACLcBGAs\/s1600\/image1.jpeg\" style=\"margin-left: 1em; margin-right: 1em;\"><\/a><\/p>\n<p><a href=\"https:\/\/3.bp.blogspot.com\/-AQBPJIKj41k\/XKMsTaYYrpI\/AAAAAAAAcFc\/OjkOZV1AQ_QVfxWNFMAEOmw1T8iXgWHkACLcBGAs\/s1600\/image3.jpeg\"&hellip;  <a href=\"https:\/\/agora.xtec.cat\/ceipmisericordia-reus\/primaria\/5e\/estudiem-un-mapa-politic-de-catalunya\/\" title=\"Read ESTUDIEM UN MAPA POL\u00cdTIC DE CATALUNYA\">Llegeix m\u00e9s\u00bb<\/a><\/p>\n","protected":false},"author":1,"featured_media":0,"comment_status":"open","ping_status":"closed","sticky":false,"template":"","format":"standard","meta":{"_bbp_topic_count":0,"_bbp_reply_count":0,"_bbp_total_topic_count":0,"_bbp_total_reply_count":0,"_bbp_voice_count":0,"_bbp_anonymous_reply_count":0,"_bbp_topic_count_hidden":0,"_bbp_reply_count_hidden":0,"_bbp_forum_subforum_count":0,"footnotes":""},"categories":[14],"tags":[],"class_list":["post-3766","post","type-post","status-publish","format-standard","hentry","category-5e"],"post_mailing_queue_ids":[],"_links":{"self":[{"href":"https:\/\/agora.xtec.cat\/ceipmisericordia-reus\/wp-json\/wp\/v2\/posts\/3766","targetHints":{"allow":["GET"]}}],"collection":[{"href":"https:\/\/agora.xtec.cat\/ceipmisericordia-reus\/wp-json\/wp\/v2\/posts"}],"about":[{"href":"https:\/\/agora.xtec.cat\/ceipmisericordia-reus\/wp-json\/wp\/v2\/types\/post"}],"author":[{"embeddable":true,"href":"https:\/\/agora.xtec.cat\/ceipmisericordia-reus\/wp-json\/wp\/v2\/users\/1"}],"replies":[{"embeddable":true,"href":"https:\/\/agora.xtec.cat\/ceipmisericordia-reus\/wp-json\/wp\/v2\/comments?post=3766"}],"version-history":[{"count":0,"href":"https:\/\/agora.xtec.cat\/ceipmisericordia-reus\/wp-json\/wp\/v2\/posts\/3766\/revisions"}],"wp:attachment":[{"href":"https:\/\/agora.xtec.cat\/ceipmisericordia-reus\/wp-json\/wp\/v2\/media?parent=3766"}],"wp:term":[{"taxonomy":"category","embeddable":true,"href":"https:\/\/agora.xtec.cat\/ceipmisericordia-reus\/wp-json\/wp\/v2\/categories?post=3766"},{"taxonomy":"post_tag","embeddable":true,"href":"https:\/\/agora.xtec.cat\/ceipmisericordia-reus\/wp-json\/wp\/v2\/tags?post=3766"}],"curies":[{"name":"wp","href":"https:\/\/api.w.org\/{rel}","templated":true}]}}