{"id":3743,"date":"2019-04-29T10:25:00","date_gmt":"2019-04-29T08:25:00","guid":{"rendered":"https:\/\/agora.xtec.cat\/ceipmisericordia-reus\/general\/"},"modified":"2019-04-29T10:25:00","modified_gmt":"2019-04-29T08:25:00","slug":"3743","status":"publish","type":"post","link":"https:\/\/agora.xtec.cat\/ceipmisericordia-reus\/primaria\/3743\/","title":{"rendered":""},"content":{"rendered":"<div style=\"clear: both; text-align: center;\"><\/div>\n<div style=\"clear: both; text-align: center;\"><\/div>\n<div style=\"clear: both; text-align: center;\"><\/div>\n<div style=\"margin-bottom: 0.0001pt; text-align: center;\"><span lang=\"CA\" style=\"line-height: 107%;\"><span style=\"font-size: x-large;\"><br \/><\/span><\/span><\/div>\n<div style=\"margin-bottom: 0.0001pt; text-align: center;\"><span lang=\"CA\" style=\"line-height: 107%;\"><span style=\"font-size: x-large;\">Fem Coral 2019<\/span><span style=\"font-size: 18pt;\"><o:p><\/o:p><\/span><\/span><\/div>\n<div style=\"margin-bottom: 0.0001pt; text-align: center;\"><span lang=\"CA\" style=\"line-height: 107%;\"><span style=\"font-size: x-large;\"><br \/><\/span><\/span><\/div>\n<div style=\"text-align: center;\"><span lang=\"CA\" style=\"font-size: 14.0pt; line-height: 107%; mso-bidi-font-size: 11.0pt;\">Dimarts 14 de maig a les 17:30h al Pavell\u00f3 Ol\u00edmpic Municipal de Reus<o:p><\/o:p><\/span><\/div>\n<div><\/div>\n<div style=\"text-align: justify;\"><span lang=\"CA\" style=\"font-size: 12.0pt; line-height: 107%; mso-bidi-font-size: 11.0pt;\">Un total de 1.135 nens i nenes de 24 escoles de Reus i diferents poblacions ve\u00efnes s&#8217;aplegaran el <b>14 de maig a partir de les 17:30 h al Pavell\u00f3 Ol\u00edmpic Municipal<\/b> per participar en una nova edici\u00f3 de la cantata \u201c<b>Fem Coral<\/b>\u201d, que enguany es dedica al m\u00f3n de la dansa amb motiu de l\u2019Any Roseta Mauri Reus 2019.<o:p><\/o:p><\/span><\/div>\n<div style=\"clear: both; text-align: center;\">       <span lang=\"CA\" style=\"font-family: Calibri, sans-serif; line-height: 107%;\"><span style=\"font-size: large;\">Els alumnes de <b>5\u00e8<\/b> hi participen<\/span><\/span><\/div>\n<div style=\"clear: both; text-align: center;\"><\/div>\n<div style=\"clear: both; text-align: center;\"><\/div>\n<div style=\"clear: both; text-align: center;\"><a href=\"https:\/\/1.bp.blogspot.com\/-Hosln_ioZrI\/XMbCVRt6q7I\/AAAAAAAAcJU\/47ksWKbXmYIIxZEdxxKx9z6YDZCSEzPeACLcBGAs\/s1600\/Fem%2BCoral%2BCartell.jpg\" style=\"margin-left: 1em; margin-right: 1em;\"><img loading=\"lazy\" decoding=\"async\" border=\"0\" data-original-height=\"1414\" data-original-width=\"1000\" height=\"320\" src=\"https:\/\/1.bp.blogspot.com\/-Hosln_ioZrI\/XMbCVRt6q7I\/AAAAAAAAcJU\/47ksWKbXmYIIxZEdxxKx9z6YDZCSEzPeACLcBGAs\/s320\/Fem%2BCoral%2BCartell.jpg\" width=\"226\" \/><\/a><\/div>\n<p><\/p>\n","protected":false},"excerpt":{"rendered":"<p>Fem Coral 2019<\/p>\n<p>Dimarts 14 de maig a les 17:30h al Pavell\u00f3 Ol\u00edmpic Municipal de Reus<\/p>\n<p>Un total de 1.135 nens i nenes de 24 escoles de Reus i diferents poblacions ve\u00efnes s&#8217;aplegaran el 14 de maig a partir de les 17:30 h al Pavell\u00f3 Ol\u00edmpic Municipal&hellip;  <a href=\"https:\/\/agora.xtec.cat\/ceipmisericordia-reus\/primaria\/3743\/\" title=\"Read \">Llegeix m\u00e9s\u00bb<\/a><\/p>\n","protected":false},"author":1,"featured_media":0,"comment_status":"open","ping_status":"closed","sticky":false,"template":"","format":"standard","meta":{"_bbp_topic_count":0,"_bbp_reply_count":0,"_bbp_total_topic_count":0,"_bbp_total_reply_count":0,"_bbp_voice_count":0,"_bbp_anonymous_reply_count":0,"_bbp_topic_count_hidden":0,"_bbp_reply_count_hidden":0,"_bbp_forum_subforum_count":0,"footnotes":""},"categories":[14,80,76,81,75,5],"tags":[],"class_list":["post-3743","post","type-post","status-publish","format-standard","hentry","category-5e","category-cicle-superior","category-festes","category-musica","category-pares-i-mares","category-primaria"],"post_mailing_queue_ids":[],"_links":{"self":[{"href":"https:\/\/agora.xtec.cat\/ceipmisericordia-reus\/wp-json\/wp\/v2\/posts\/3743","targetHints":{"allow":["GET"]}}],"collection":[{"href":"https:\/\/agora.xtec.cat\/ceipmisericordia-reus\/wp-json\/wp\/v2\/posts"}],"about":[{"href":"https:\/\/agora.xtec.cat\/ceipmisericordia-reus\/wp-json\/wp\/v2\/types\/post"}],"author":[{"embeddable":true,"href":"https:\/\/agora.xtec.cat\/ceipmisericordia-reus\/wp-json\/wp\/v2\/users\/1"}],"replies":[{"embeddable":true,"href":"https:\/\/agora.xtec.cat\/ceipmisericordia-reus\/wp-json\/wp\/v2\/comments?post=3743"}],"version-history":[{"count":0,"href":"https:\/\/agora.xtec.cat\/ceipmisericordia-reus\/wp-json\/wp\/v2\/posts\/3743\/revisions"}],"wp:attachment":[{"href":"https:\/\/agora.xtec.cat\/ceipmisericordia-reus\/wp-json\/wp\/v2\/media?parent=3743"}],"wp:term":[{"taxonomy":"category","embeddable":true,"href":"https:\/\/agora.xtec.cat\/ceipmisericordia-reus\/wp-json\/wp\/v2\/categories?post=3743"},{"taxonomy":"post_tag","embeddable":true,"href":"https:\/\/agora.xtec.cat\/ceipmisericordia-reus\/wp-json\/wp\/v2\/tags?post=3743"}],"curies":[{"name":"wp","href":"https:\/\/api.w.org\/{rel}","templated":true}]}}