{"id":3731,"date":"2019-05-26T07:19:00","date_gmt":"2019-05-26T05:19:00","guid":{"rendered":"https:\/\/agora.xtec.cat\/ceipmisericordia-reus\/general\/"},"modified":"2019-05-26T07:19:00","modified_gmt":"2019-05-26T05:19:00","slug":"3731","status":"publish","type":"post","link":"https:\/\/agora.xtec.cat\/ceipmisericordia-reus\/primaria\/3731\/","title":{"rendered":""},"content":{"rendered":"<h2 style=\"background: 0px 0px rgb(255, 255, 255); border: 0px; box-sizing: border-box; color: #333333; font-family: Verdana, Helvetica, Arial, Lucida, sans-serif; font-size: 18px; font-weight: 500; letter-spacing: 1px; line-height: 1.6em; margin: 0px; outline: 0px; padding: 0px 0px 10px; text-size-adjust: 100%; vertical-align: baseline;\"><span style=\"background: 0px 0px; border: 0px; box-sizing: border-box; color: #3b618e; margin: 0px; outline: 0px; padding: 0px; text-size-adjust: 100%; vertical-align: baseline;\"><span style=\"background: 0px 0px; border: 0px; box-sizing: border-box; font-weight: 700; margin: 0px; outline: 0px; padding: 0px; text-size-adjust: 100%; vertical-align: baseline;\">PROJECTE \u00abCISCO\u00bb<\/span><\/span><\/h2>\n<div style=\"background: 0px 0px rgb(255, 255, 255); border: 0px; box-sizing: border-box; color: #666666; font-family: Verdana, Helvetica, Arial, Lucida, sans-serif; font-size: 16px; outline: 0px; padding: 0px 0px 1em; text-size-adjust: 100%; vertical-align: baseline;\">El \u201cPrograma Escuela\u201d va n\u00e9ixer amb la idea de promoure i motivar l\u2019\u00fas i coneixement de la tecnologia a les escoles, amb l\u2019objectiu de transmetre als nens i nenes que la tecnologia est\u00e0 cada vegada m\u00e9s dins de les nostres vides, i que fer un bon \u00fas d\u2019ella els hi permetr\u00e0 aconseguir reptes importants en les seves futures professions.<\/div>\n<div style=\"background: 0px 0px rgb(255, 255, 255); border: 0px; box-sizing: border-box; color: #666666; font-family: Verdana, Helvetica, Arial, Lucida, sans-serif; font-size: 16px; outline: 0px; padding: 0px 0px 1em; text-size-adjust: 100%; vertical-align: baseline;\">El programa s\u2019ha desenvolupat principalment en pa\u00efsos llatinoamericans, a Estats Units, .. i aquest any s\u2019incorporen alguns pa\u00efsos Europeus. Les edats dels nens participants s\u00f3n de 5\u00ba i 6\u00ba de prim\u00e0ria i el desenvolupament del programa consisteix en 5 sessions dins de l\u2019horari escolar per con\u00e8ixer la tecnologia d\u2019una manera m\u00e9s l\u00fadica i idear un projecte.<\/div>\n<div style=\"background: 0px 0px rgb(255, 255, 255); border: 0px; box-sizing: border-box; color: #666666; font-family: Verdana, Helvetica, Arial, Lucida, sans-serif; font-size: 16px; outline: 0px; padding: 0px; text-size-adjust: 100%; vertical-align: baseline;\">Finalment els alumnes participen en un concurs on exposen els seus projectes davant d\u2019un jurat i el grup guanyador el presenta a les oficines de CISCO juntament amb altres escoles internacionals via tele presencial, on comparteixen les seves experi\u00e8ncies i experimenten com la tecnologia acosta a les persones.<\/div>\n<div style=\"background: 0px 0px rgb(255, 255, 255); border: 0px; box-sizing: border-box; color: #666666; font-family: Verdana, Helvetica, Arial, Lucida, sans-serif; font-size: 16px; outline: 0px; padding: 0px; text-size-adjust: 100%; vertical-align: baseline;\"><\/div>\n<div style=\"clear: both; text-align: center;\"><a href=\"https:\/\/1.bp.blogspot.com\/-f64w7yyNuJA\/XOovkWvE6PI\/AAAAAAAAcQ0\/6bizIG-h4FgW_0UXQQ0Zrr6kEtREezh1wCLcBGAs\/s1600\/PHOTO-2019-05-25-13-44-26.jpg\" style=\"margin-left: 1em; margin-right: 1em;\"><img loading=\"lazy\" decoding=\"async\" border=\"0\" data-original-height=\"1600\" data-original-width=\"1200\" height=\"320\" src=\"https:\/\/1.bp.blogspot.com\/-f64w7yyNuJA\/XOovkWvE6PI\/AAAAAAAAcQ0\/6bizIG-h4FgW_0UXQQ0Zrr6kEtREezh1wCLcBGAs\/s320\/PHOTO-2019-05-25-13-44-26.jpg\" width=\"240\" \/><\/a><\/div>\n<p><\/p>\n<div style=\"clear: both; text-align: center;\"><a href=\"https:\/\/1.bp.blogspot.com\/-GJNdXTKZmQY\/XOovk_HhWmI\/AAAAAAAAcQ4\/d3ts2oEe0HshcPA1APiJvGJgMYCARCtNgCLcBGAs\/s1600\/PHOTO-2019-05-25-13-44-34.jpg\" style=\"margin-left: 1em; margin-right: 1em;\"><img loading=\"lazy\" decoding=\"async\" border=\"0\" data-original-height=\"1600\" data-original-width=\"1200\" height=\"320\" src=\"https:\/\/1.bp.blogspot.com\/-GJNdXTKZmQY\/XOovk_HhWmI\/AAAAAAAAcQ4\/d3ts2oEe0HshcPA1APiJvGJgMYCARCtNgCLcBGAs\/s320\/PHOTO-2019-05-25-13-44-34.jpg\" width=\"240\" \/><\/a><\/div>\n<p><\/p>\n<div style=\"clear: both; text-align: center;\"><a href=\"https:\/\/1.bp.blogspot.com\/-lol3-T5sQoQ\/XOovk5lyqXI\/AAAAAAAAcQ8\/Dw_5URhZzi0XOwqEzfwh0ijZUQdkd2N_gCLcBGAs\/s1600\/PHOTO-2019-05-25-13-44-41.jpg\" style=\"margin-left: 1em; margin-right: 1em;\"><img loading=\"lazy\" decoding=\"async\" border=\"0\" data-original-height=\"1600\" data-original-width=\"1200\" height=\"320\" src=\"https:\/\/1.bp.blogspot.com\/-lol3-T5sQoQ\/XOovk5lyqXI\/AAAAAAAAcQ8\/Dw_5URhZzi0XOwqEzfwh0ijZUQdkd2N_gCLcBGAs\/s320\/PHOTO-2019-05-25-13-44-41.jpg\" width=\"240\" \/><\/a><\/div>\n<p><\/p>\n<div style=\"clear: both; text-align: center;\"><a href=\"https:\/\/1.bp.blogspot.com\/-UmRRtR3ZQto\/XOovlbJ0J6I\/AAAAAAAAcRA\/XWtwee5nWW8DLMR5dE_kI7ZgHzICFw15QCLcBGAs\/s1600\/PHOTO-2019-05-25-13-44-56.jpg\" style=\"margin-left: 1em; margin-right: 1em;\"><img loading=\"lazy\" decoding=\"async\" border=\"0\" data-original-height=\"1600\" data-original-width=\"1200\" height=\"320\" src=\"https:\/\/1.bp.blogspot.com\/-UmRRtR3ZQto\/XOovlbJ0J6I\/AAAAAAAAcRA\/XWtwee5nWW8DLMR5dE_kI7ZgHzICFw15QCLcBGAs\/s320\/PHOTO-2019-05-25-13-44-56.jpg\" width=\"240\" \/><\/a><\/div>\n<div style=\"background: 0px 0px rgb(255, 255, 255); border: 0px; box-sizing: border-box; color: #666666; font-family: Verdana, Helvetica, Arial, Lucida, sans-serif; font-size: 16px; outline: 0px; padding: 0px; text-size-adjust: 100%; vertical-align: baseline;\"><\/div>\n","protected":false},"excerpt":{"rendered":"<p>PROJECTE \u00abCISCO\u00bb<br \/>\nEl \u201cPrograma Escuela\u201d va n\u00e9ixer amb la idea de promoure i motivar l\u2019\u00fas i coneixement de la tecnologia a les escoles, amb l\u2019objectiu de transmetre als nens i nenes que la tecnologia est\u00e0 cada vegada m\u00e9s dins de les nostres vides, i que fer&hellip;  <a href=\"https:\/\/agora.xtec.cat\/ceipmisericordia-reus\/primaria\/3731\/\" title=\"Read \">Llegeix m\u00e9s\u00bb<\/a><\/p>\n","protected":false},"author":1,"featured_media":0,"comment_status":"open","ping_status":"closed","sticky":false,"template":"","format":"standard","meta":{"_bbp_topic_count":0,"_bbp_reply_count":0,"_bbp_total_topic_count":0,"_bbp_total_reply_count":0,"_bbp_voice_count":0,"_bbp_anonymous_reply_count":0,"_bbp_topic_count_hidden":0,"_bbp_reply_count_hidden":0,"_bbp_forum_subforum_count":0,"footnotes":""},"categories":[14,80,5],"tags":[],"class_list":["post-3731","post","type-post","status-publish","format-standard","hentry","category-5e","category-cicle-superior","category-primaria"],"post_mailing_queue_ids":[],"_links":{"self":[{"href":"https:\/\/agora.xtec.cat\/ceipmisericordia-reus\/wp-json\/wp\/v2\/posts\/3731","targetHints":{"allow":["GET"]}}],"collection":[{"href":"https:\/\/agora.xtec.cat\/ceipmisericordia-reus\/wp-json\/wp\/v2\/posts"}],"about":[{"href":"https:\/\/agora.xtec.cat\/ceipmisericordia-reus\/wp-json\/wp\/v2\/types\/post"}],"author":[{"embeddable":true,"href":"https:\/\/agora.xtec.cat\/ceipmisericordia-reus\/wp-json\/wp\/v2\/users\/1"}],"replies":[{"embeddable":true,"href":"https:\/\/agora.xtec.cat\/ceipmisericordia-reus\/wp-json\/wp\/v2\/comments?post=3731"}],"version-history":[{"count":0,"href":"https:\/\/agora.xtec.cat\/ceipmisericordia-reus\/wp-json\/wp\/v2\/posts\/3731\/revisions"}],"wp:attachment":[{"href":"https:\/\/agora.xtec.cat\/ceipmisericordia-reus\/wp-json\/wp\/v2\/media?parent=3731"}],"wp:term":[{"taxonomy":"category","embeddable":true,"href":"https:\/\/agora.xtec.cat\/ceipmisericordia-reus\/wp-json\/wp\/v2\/categories?post=3731"},{"taxonomy":"post_tag","embeddable":true,"href":"https:\/\/agora.xtec.cat\/ceipmisericordia-reus\/wp-json\/wp\/v2\/tags?post=3731"}],"curies":[{"name":"wp","href":"https:\/\/api.w.org\/{rel}","templated":true}]}}