{"id":3726,"date":"2019-06-07T11:47:00","date_gmt":"2019-06-07T09:47:00","guid":{"rendered":"https:\/\/agora.xtec.cat\/ceipmisericordia-reus\/general\/activitat-de-mobilitat-urbana\/"},"modified":"2019-06-07T11:47:00","modified_gmt":"2019-06-07T09:47:00","slug":"activitat-de-mobilitat-urbana","status":"publish","type":"post","link":"https:\/\/agora.xtec.cat\/ceipmisericordia-reus\/general\/activitat-de-mobilitat-urbana\/","title":{"rendered":"Activitat de mobilitat urbana"},"content":{"rendered":"<p>Els alumnes de cinqu\u00e8 han realitzat una activitat al circuit tancat de mobilitat de Reus, per tal de repassar les normes b\u00e0siques i senyalitzaci\u00f3 de les vies urbanes.<br \/><a href=\"http:\/\/1.bp.blogspot.com\/-kfmDssrDc8A\/XPpAAFmY4iI\/AAAAAAAAcUQ\/Duf2UDGbdm07nPeRighwPm1HU_wS32-qACK4BGAYYCw\/s1600\/WhatsApp%2BImage%2B2019-06-07%2Bat%2B12.40.53.jpeg\"><img loading=\"lazy\" decoding=\"async\" border=\"0\" height=\"240\" src=\"https:\/\/1.bp.blogspot.com\/-kfmDssrDc8A\/XPpAAFmY4iI\/AAAAAAAAcUQ\/Duf2UDGbdm07nPeRighwPm1HU_wS32-qACK4BGAYYCw\/s320\/WhatsApp%2BImage%2B2019-06-07%2Bat%2B12.40.53.jpeg\" width=\"320\" \/><\/a><a href=\"http:\/\/4.bp.blogspot.com\/-iCI4iwvOYgk\/XPpAAUd67UI\/AAAAAAAAcUc\/Yf5rAKX1K9oGxIyI1pqUKTAS1A90JDS-gCK4BGAYYCw\/s1600\/WhatsApp%2BImage%2B2019-06-07%2Bat%2B12.40.52%2B%25281%2529.jpeg\"><img loading=\"lazy\" decoding=\"async\" border=\"0\" height=\"240\" src=\"https:\/\/4.bp.blogspot.com\/-iCI4iwvOYgk\/XPpAAUd67UI\/AAAAAAAAcUc\/Yf5rAKX1K9oGxIyI1pqUKTAS1A90JDS-gCK4BGAYYCw\/s320\/WhatsApp%2BImage%2B2019-06-07%2Bat%2B12.40.52%2B%25281%2529.jpeg\" width=\"320\" \/><\/a><a href=\"http:\/\/2.bp.blogspot.com\/-Sp1GRFatdUw\/XPpAAYMwdmI\/AAAAAAAAcUU\/FdS67Kd-lIISrs3W0gfnbKTux5YevO15wCK4BGAYYCw\/s1600\/WhatsApp%2BImage%2B2019-06-07%2Bat%2B12.40.52.jpeg\"><img loading=\"lazy\" decoding=\"async\" border=\"0\" height=\"240\" src=\"https:\/\/2.bp.blogspot.com\/-Sp1GRFatdUw\/XPpAAYMwdmI\/AAAAAAAAcUU\/FdS67Kd-lIISrs3W0gfnbKTux5YevO15wCK4BGAYYCw\/s320\/WhatsApp%2BImage%2B2019-06-07%2Bat%2B12.40.52.jpeg\" width=\"320\" \/><\/a><a href=\"http:\/\/1.bp.blogspot.com\/-Jj9EMT1XXoI\/XPpAAI_UM8I\/AAAAAAAAcT8\/XMluNB9FVT4gHT5sWaGYJyzVVqAxDzW9QCK4BGAYYCw\/s1600\/WhatsApp%2BImage%2B2019-06-07%2Bat%2B12.40.53%2B%25282%2529.jpeg\"><img loading=\"lazy\" decoding=\"async\" border=\"0\" height=\"240\" src=\"https:\/\/1.bp.blogspot.com\/-Jj9EMT1XXoI\/XPpAAI_UM8I\/AAAAAAAAcT8\/XMluNB9FVT4gHT5sWaGYJyzVVqAxDzW9QCK4BGAYYCw\/s320\/WhatsApp%2BImage%2B2019-06-07%2Bat%2B12.40.53%2B%25282%2529.jpeg\" width=\"320\" \/><\/a><a href=\"http:\/\/2.bp.blogspot.com\/-acC7IfnnQ3Q\/XPpAABiVz-I\/AAAAAAAAcUE\/PlwClHyx_yYAR49413yjjpjGOZgRxW64gCK4BGAYYCw\/s1600\/WhatsApp%2BImage%2B2019-06-07%2Bat%2B12.40.54.jpeg\"><img loading=\"lazy\" decoding=\"async\" border=\"0\" height=\"240\" src=\"https:\/\/2.bp.blogspot.com\/-acC7IfnnQ3Q\/XPpAABiVz-I\/AAAAAAAAcUE\/PlwClHyx_yYAR49413yjjpjGOZgRxW64gCK4BGAYYCw\/s320\/WhatsApp%2BImage%2B2019-06-07%2Bat%2B12.40.54.jpeg\" width=\"320\" \/><\/a><\/p>\n","protected":false},"excerpt":{"rendered":"<p>Els alumnes de cinqu\u00e8 han realitzat una activitat al circuit tancat de mobilitat de Reus, per tal de repassar les normes b\u00e0siques i senyalitzaci\u00f3 de les vies urbanes.<a href=\"http:\/\/1.bp.blogspot.com\/-kfmDssrDc8A\/XPpAAFmY4iI\/AAAAAAAAcUQ\/Duf2UDGbdm07nPeRighwPm1HU_wS32-qACK4BGAYYCw\/s1600\/WhatsApp%2BImage%2B2019-06-07%2Bat%2B12.40.53.jpeg\"><\/a><a href=\"http:\/\/4.bp.blogspot.com\/-iCI4iwvOYgk\/XPpAAUd67UI\/AAAAAAAAcUc\/Yf5rAKX1K9oGxIyI1pqUKTAS1A90JDS-gCK4BGAYYCw\/s1600\/WhatsApp%2BImage%2B2019-06-07%2Bat%2B12.40.52%2B%25281%2529.jpeg\"><\/a><a href=\"http:\/\/2.bp.blogspot.com\/-Sp1GRFatdUw\/XPpAAYMwdmI\/AAAAAAAAcUU\/FdS67Kd-lIISrs3W0gfnbKTux5YevO15wCK4BGAYYCw\/s1600\/WhatsApp%2BImage%2B2019-06-07%2Bat%2B12.40.52.jpeg\"><\/a><a href=\"http:\/\/1.bp.blogspot.com\/-Jj9EMT1XXoI\/XPpAAI_UM8I\/AAAAAAAAcT8\/XMluNB9FVT4gHT5sWaGYJyzVVqAxDzW9QCK4BGAYYCw\/s1600\/WhatsApp%2BImage%2B2019-06-07%2Bat%2B12.40.53%2B%25282%2529.jpeg\"><\/a><a href=\"http:\/\/2.bp.blogspot.com\/-acC7IfnnQ3Q\/XPpAABiVz-I\/AAAAAAAAcUE\/PlwClHyx_yYAR49413yjjpjGOZgRxW64gCK4BGAYYCw\/s1600\/WhatsApp%2BImage%2B2019-06-07%2Bat%2B12.40.54.jpeg\"><\/a><\/p>\n","protected":false},"author":1,"featured_media":0,"comment_status":"open","ping_status":"closed","sticky":false,"template":"","format":"standard","meta":{"_bbp_topic_count":0,"_bbp_reply_count":0,"_bbp_total_topic_count":0,"_bbp_total_reply_count":0,"_bbp_voice_count":0,"_bbp_anonymous_reply_count":0,"_bbp_topic_count_hidden":0,"_bbp_reply_count_hidden":0,"_bbp_forum_subforum_count":0,"footnotes":""},"categories":[1],"tags":[],"class_list":["post-3726","post","type-post","status-publish","format-standard","hentry","category-general"],"post_mailing_queue_ids":[],"_links":{"self":[{"href":"https:\/\/agora.xtec.cat\/ceipmisericordia-reus\/wp-json\/wp\/v2\/posts\/3726","targetHints":{"allow":["GET"]}}],"collection":[{"href":"https:\/\/agora.xtec.cat\/ceipmisericordia-reus\/wp-json\/wp\/v2\/posts"}],"about":[{"href":"https:\/\/agora.xtec.cat\/ceipmisericordia-reus\/wp-json\/wp\/v2\/types\/post"}],"author":[{"embeddable":true,"href":"https:\/\/agora.xtec.cat\/ceipmisericordia-reus\/wp-json\/wp\/v2\/users\/1"}],"replies":[{"embeddable":true,"href":"https:\/\/agora.xtec.cat\/ceipmisericordia-reus\/wp-json\/wp\/v2\/comments?post=3726"}],"version-history":[{"count":0,"href":"https:\/\/agora.xtec.cat\/ceipmisericordia-reus\/wp-json\/wp\/v2\/posts\/3726\/revisions"}],"wp:attachment":[{"href":"https:\/\/agora.xtec.cat\/ceipmisericordia-reus\/wp-json\/wp\/v2\/media?parent=3726"}],"wp:term":[{"taxonomy":"category","embeddable":true,"href":"https:\/\/agora.xtec.cat\/ceipmisericordia-reus\/wp-json\/wp\/v2\/categories?post=3726"},{"taxonomy":"post_tag","embeddable":true,"href":"https:\/\/agora.xtec.cat\/ceipmisericordia-reus\/wp-json\/wp\/v2\/tags?post=3726"}],"curies":[{"name":"wp","href":"https:\/\/api.w.org\/{rel}","templated":true}]}}