{"id":3708,"date":"2019-09-24T15:40:00","date_gmt":"2019-09-24T13:40:00","guid":{"rendered":"https:\/\/agora.xtec.cat\/ceipmisericordia-reus\/general\/festa-de-misericordia-2019\/"},"modified":"2019-09-24T15:40:00","modified_gmt":"2019-09-24T13:40:00","slug":"festa-de-misericordia-2019","status":"publish","type":"post","link":"https:\/\/agora.xtec.cat\/ceipmisericordia-reus\/general\/festa-de-misericordia-2019\/","title":{"rendered":"FESTA DE MISERIC\u00d2RDIA 2019"},"content":{"rendered":"<div data-block=\"true\" data-editor=\"6untc\" data-offset-key=\"fl93i-0-0\" style=\"background-color: white; color: #14171a; font-family: system-ui, -apple-system, BlinkMacSystemFont, &quot;Segoe UI&quot;, Roboto, Ubuntu, &quot;Helvetica Neue&quot;, sans-serif; font-size: 19px; white-space: pre-wrap;\">\n<div data-offset-key=\"fl93i-0-0\" style=\"direction: ltr; overflow: hidden; position: relative;\"><span data-offset-key=\"fl93i-0-0\">Avui, a l&#8217;escola, hem celebrat la festa de la Miseric\u00f2rdia, aprofitant tamb\u00e9 per dedicar un minut de silenci per l&#8217;emerg\u00e8ncia clim\u00e0tica que est\u00e0 patint el nostre planeta.<\/span><\/div>\n<\/div>\n<div data-block=\"true\" data-editor=\"6untc\" data-offset-key=\"75ti9-0-0\" style=\"background-color: white; color: #14171a; font-family: system-ui, -apple-system, BlinkMacSystemFont, &quot;Segoe UI&quot;, Roboto, Ubuntu, &quot;Helvetica Neue&quot;, sans-serif; font-size: 19px; white-space: pre-wrap;\">\n<div style=\"clear: both; text-align: center;\"><object id=\"BLOG_video-753030a7772db0ca\" content width=\"320\" height=\"266\"><\/object><\/div>\n<div data-offset-key=\"75ti9-0-0\" style=\"direction: ltr; overflow: hidden; position: relative;\"><span data-offset-key=\"75ti9-0-0\">Agra\u00efm la col.laboraci\u00f3 de les empreses Borges <\/span><span style=\"color: #1b95e0;\">https:\/\/es.borges.es\/<\/span><span data-offset-key=\"75ti9-2-0\"> i McDonald&#8217;s.<\/span><\/div>\n<\/div>\n","protected":false},"excerpt":{"rendered":"<p>Avui, a l&#8217;escola, hem celebrat la festa de la Miseric\u00f2rdia, aprofitant tamb\u00e9 per dedicar un minut de silenci per l&#8217;emerg\u00e8ncia clim\u00e0tica que est\u00e0 patint el nostre planeta.<\/p>\n<p>Agra\u00efm la col.laboraci\u00f3 de les empreses Borges https:\/\/es.borges.es\/ i McDonald&#8217;s.<\/p>\n","protected":false},"author":1,"featured_media":0,"comment_status":"open","ping_status":"closed","sticky":false,"template":"","format":"standard","meta":{"_bbp_topic_count":0,"_bbp_reply_count":0,"_bbp_total_topic_count":0,"_bbp_total_reply_count":0,"_bbp_voice_count":0,"_bbp_anonymous_reply_count":0,"_bbp_topic_count_hidden":0,"_bbp_reply_count_hidden":0,"_bbp_forum_subforum_count":0,"footnotes":""},"categories":[1],"tags":[],"class_list":["post-3708","post","type-post","status-publish","format-standard","hentry","category-general"],"post_mailing_queue_ids":[],"_links":{"self":[{"href":"https:\/\/agora.xtec.cat\/ceipmisericordia-reus\/wp-json\/wp\/v2\/posts\/3708","targetHints":{"allow":["GET"]}}],"collection":[{"href":"https:\/\/agora.xtec.cat\/ceipmisericordia-reus\/wp-json\/wp\/v2\/posts"}],"about":[{"href":"https:\/\/agora.xtec.cat\/ceipmisericordia-reus\/wp-json\/wp\/v2\/types\/post"}],"author":[{"embeddable":true,"href":"https:\/\/agora.xtec.cat\/ceipmisericordia-reus\/wp-json\/wp\/v2\/users\/1"}],"replies":[{"embeddable":true,"href":"https:\/\/agora.xtec.cat\/ceipmisericordia-reus\/wp-json\/wp\/v2\/comments?post=3708"}],"version-history":[{"count":0,"href":"https:\/\/agora.xtec.cat\/ceipmisericordia-reus\/wp-json\/wp\/v2\/posts\/3708\/revisions"}],"wp:attachment":[{"href":"https:\/\/agora.xtec.cat\/ceipmisericordia-reus\/wp-json\/wp\/v2\/media?parent=3708"}],"wp:term":[{"taxonomy":"category","embeddable":true,"href":"https:\/\/agora.xtec.cat\/ceipmisericordia-reus\/wp-json\/wp\/v2\/categories?post=3708"},{"taxonomy":"post_tag","embeddable":true,"href":"https:\/\/agora.xtec.cat\/ceipmisericordia-reus\/wp-json\/wp\/v2\/tags?post=3708"}],"curies":[{"name":"wp","href":"https:\/\/api.w.org\/{rel}","templated":true}]}}