{"id":3707,"date":"2019-09-29T19:46:00","date_gmt":"2019-09-29T17:46:00","guid":{"rendered":"https:\/\/agora.xtec.cat\/ceipmisericordia-reus\/general\/"},"modified":"2019-09-29T19:46:00","modified_gmt":"2019-09-29T17:46:00","slug":"3707","status":"publish","type":"post","link":"https:\/\/agora.xtec.cat\/ceipmisericordia-reus\/general\/3707\/","title":{"rendered":""},"content":{"rendered":"<p><\/p>\n<div style=\"clear: right; float: right; margin-bottom: 1em; margin-left: 1em;\"><\/div>\n<p><span style=\"background-color: white; color: #1c1e21;\"><span style=\"font-family: Verdana, sans-serif;\">Aquest mes de setembre a educaci\u00f3 art\u00edstica &#8211; pl\u00e0stica els alumnes de prim\u00e0ria han treballat els colors primaris inspirant-se amb l&#8217;obra de Piet Mondrian. S\u00f3n uns artistes!<\/span><\/span><br \/><span style=\"background-color: white; color: #1c1e21; font-family: Helvetica, Arial, sans-serif; font-size: 14px;\"><br \/><\/span><span style=\"background-color: white; color: #1c1e21; font-family: Helvetica, Arial, sans-serif; font-size: 14px;\"><br \/><\/span><img decoding=\"async\" alt=\"foto de Escola Miseric\u00f2rdia.\" src=\"https:\/\/scontent-mad1-1.xx.fbcdn.net\/v\/t1.0-9\/71773059_164319484748132_2038146841639387136_n.jpg?_nc_cat=110&amp;_nc_oc=AQkoCTVKzCxwL4v1cTI-PL7d4-7n4zjyC7Gs9JOKrZmLXwx5PttMHf_MaHVvkRIKbdY&amp;_nc_ht=scontent-mad1-1.xx&amp;oh=2d78ff3dac018a6a8df58a40839d8de4&amp;oe=5E3CE3F4\" \/><br \/><span style=\"background-color: white; color: transparent; font-family: inherit; font-size: 16px;\"><br \/><\/span><span style=\"background-color: white; color: transparent; font-family: inherit; font-size: 16px;\"><br \/><\/span><span style=\"background-color: white; color: transparent; font-family: inherit; font-size: 16px;\"><br \/><\/span><img loading=\"lazy\" decoding=\"async\" alt=\"foto de Escola Miseric\u00f2rdia.\" height=\"240\" src=\"https:\/\/scontent-mad1-1.xx.fbcdn.net\/v\/t1.0-9\/71514612_164319604748120_7196785769707470848_n.jpg?_nc_cat=111&amp;_nc_oc=AQmdOc4Q1-0RkyO2iL-JdyEjt2vT_Kg5wMFygSfIhFdVVJHPGYM6f_7N1PnOTv5S3no&amp;_nc_ht=scontent-mad1-1.xx&amp;oh=456bdf7b8c8e6760370f57a39329c69e&amp;oe=5E25C2B5\" width=\"320\" \/><\/p>\n<div style=\"clear: both; text-align: center;\"><a href=\"https:\/\/scontent.fmad3-6.fna.fbcdn.net\/v\/t1.0-9\/72142436_164319534748127_5119697327178645504_n.jpg?_nc_cat=109&amp;_nc_oc=AQlg9FL_QEUONeIAj9NLFBPdAxtfEimcbkbUPTcWtpVeDIPdk7Qe8TZUR0mmLmzLTyQ&amp;_nc_ht=scontent.fmad3-6.fna&amp;oh=6c65a4cfa22d2a97b040ae32293fb5fc&amp;oe=5E33232B\" style=\"margin-left: 1em; margin-right: 1em;\"><img loading=\"lazy\" decoding=\"async\" alt=\"foto de Escola Miseric\u00f2rdia.\" border=\"0\" height=\"240\" src=\"https:\/\/scontent.fmad3-6.fna.fbcdn.net\/v\/t1.0-9\/72142436_164319534748127_5119697327178645504_n.jpg?_nc_cat=109&amp;_nc_oc=AQlg9FL_QEUONeIAj9NLFBPdAxtfEimcbkbUPTcWtpVeDIPdk7Qe8TZUR0mmLmzLTyQ&amp;_nc_ht=scontent.fmad3-6.fna&amp;oh=6c65a4cfa22d2a97b040ae32293fb5fc&amp;oe=5E33232B\" width=\"320\" \/><\/a><\/div>\n<p><img loading=\"lazy\" decoding=\"async\" alt=\"foto de Escola Miseric\u00f2rdia.\" height=\"240\" src=\"https:\/\/scontent.fmad3-8.fna.fbcdn.net\/v\/t1.0-9\/71026172_164319564748124_5871100013072875520_n.jpg?_nc_cat=101&amp;_nc_oc=AQk_IKnBfMfibzerMDWbj4oIIK2bEyTIcTjJSAyB_imn9NHR9WVs-7qSoMNPepy8gDQ&amp;_nc_ht=scontent.fmad3-8.fna&amp;oh=6987dc80a18dd600b3c3701478809c4e&amp;oe=5E309DFC\" width=\"320\" \/><\/p>\n<p><span style=\"background-color: white; color: transparent; font-family: inherit; font-size: 16px;\"><br \/><\/span><span style=\"background-color: white; color: transparent; font-family: inherit; font-size: 16px;\"><br \/><\/span><\/p>\n","protected":false},"excerpt":{"rendered":"<p>Aquest mes de setembre a educaci\u00f3 art\u00edstica &#8211; pl\u00e0stica els alumnes de prim\u00e0ria han treballat els colors primaris inspirant-se amb l&#8217;obra de Piet Mondrian. S\u00f3n uns artistes!<br \/>\n<a href=\"https:\/\/scontent.fmad3-6.fna.fbcdn.net\/v\/t1.0-9\/72142436_164319534748127_5119697327178645504_n.jpg?_nc_cat=109&amp;_nc_oc=AQlg9FL_QEUONeIAj9NLFBPdAxtfEimcbkbUPTcWtpVeDIPdk7Qe8TZUR0mmLmzLTyQ&amp;_nc_ht=scontent.fmad3-6.fna&amp;oh=6c65a4cfa22d2a97b040ae32293fb5fc&amp;oe=5E33232B\" style=\"margin-left: 1em; margin-right: 1em;\"><\/a><\/p>\n","protected":false},"author":1,"featured_media":0,"comment_status":"open","ping_status":"closed","sticky":false,"template":"","format":"standard","meta":{"_bbp_topic_count":0,"_bbp_reply_count":0,"_bbp_total_topic_count":0,"_bbp_total_reply_count":0,"_bbp_voice_count":0,"_bbp_anonymous_reply_count":0,"_bbp_topic_count_hidden":0,"_bbp_reply_count_hidden":0,"_bbp_forum_subforum_count":0,"footnotes":""},"categories":[1],"tags":[],"class_list":["post-3707","post","type-post","status-publish","format-standard","hentry","category-general"],"post_mailing_queue_ids":[],"_links":{"self":[{"href":"https:\/\/agora.xtec.cat\/ceipmisericordia-reus\/wp-json\/wp\/v2\/posts\/3707","targetHints":{"allow":["GET"]}}],"collection":[{"href":"https:\/\/agora.xtec.cat\/ceipmisericordia-reus\/wp-json\/wp\/v2\/posts"}],"about":[{"href":"https:\/\/agora.xtec.cat\/ceipmisericordia-reus\/wp-json\/wp\/v2\/types\/post"}],"author":[{"embeddable":true,"href":"https:\/\/agora.xtec.cat\/ceipmisericordia-reus\/wp-json\/wp\/v2\/users\/1"}],"replies":[{"embeddable":true,"href":"https:\/\/agora.xtec.cat\/ceipmisericordia-reus\/wp-json\/wp\/v2\/comments?post=3707"}],"version-history":[{"count":0,"href":"https:\/\/agora.xtec.cat\/ceipmisericordia-reus\/wp-json\/wp\/v2\/posts\/3707\/revisions"}],"wp:attachment":[{"href":"https:\/\/agora.xtec.cat\/ceipmisericordia-reus\/wp-json\/wp\/v2\/media?parent=3707"}],"wp:term":[{"taxonomy":"category","embeddable":true,"href":"https:\/\/agora.xtec.cat\/ceipmisericordia-reus\/wp-json\/wp\/v2\/categories?post=3707"},{"taxonomy":"post_tag","embeddable":true,"href":"https:\/\/agora.xtec.cat\/ceipmisericordia-reus\/wp-json\/wp\/v2\/tags?post=3707"}],"curies":[{"name":"wp","href":"https:\/\/api.w.org\/{rel}","templated":true}]}}