{"id":3673,"date":"2019-11-18T17:39:00","date_gmt":"2019-11-18T16:39:00","guid":{"rendered":"https:\/\/agora.xtec.cat\/ceipmisericordia-reus\/general\/festival-del-medi-ambient\/"},"modified":"2019-11-18T17:39:00","modified_gmt":"2019-11-18T16:39:00","slug":"festival-del-medi-ambient","status":"publish","type":"post","link":"https:\/\/agora.xtec.cat\/ceipmisericordia-reus\/infantil\/festival-del-medi-ambient\/","title":{"rendered":"FESTIVAL DEL MEDI AMBIENT"},"content":{"rendered":"<p><span style=\"background-color: white; color: #14171a; font-family: , , &quot;blinkmacsystemfont&quot; , &quot;segoe ui&quot; , &quot;roboto&quot; , &quot;ubuntu&quot; , &quot;helvetica neue&quot; , sans-serif; font-size: 23px; white-space: pre-wrap;\">Avui hem celebrat el Festival del Medi Ambient, aprofitant tamb\u00e9 per fer la presentaci\u00f3 oficial de la Coral de l&#8217;Escola Miseric\u00f2rdia.<\/span><br \/><span style=\"background-color: white; color: #14171a; font-family: , , &quot;blinkmacsystemfont&quot; , &quot;segoe ui&quot; , &quot;roboto&quot; , &quot;ubuntu&quot; , &quot;helvetica neue&quot; , sans-serif; font-size: 23px; white-space: pre-wrap;\"><br \/><\/span><\/p>\n<div style=\"clear: both; text-align: center;\"><object contentid=\"be9a2c1f5ebb7b00\" height=\"266\" width=\"320\"><\/object><\/div>\n<p><span style=\"background-color: white; color: #14171a; font-family: , , &quot;blinkmacsystemfont&quot; , &quot;segoe ui&quot; , &quot;roboto&quot; , &quot;ubuntu&quot; , &quot;helvetica neue&quot; , sans-serif; font-size: 23px; white-space: pre-wrap;\"><br \/><\/span><\/p>\n","protected":false},"excerpt":{"rendered":"<p>Avui hem celebrat el Festival del Medi Ambient, aprofitant tamb\u00e9 per fer la presentaci\u00f3 oficial de la Coral de l&#8217;Escola Miseric\u00f2rdia.<\/p>\n","protected":false},"author":1,"featured_media":0,"comment_status":"open","ping_status":"closed","sticky":false,"template":"","format":"standard","meta":{"_bbp_topic_count":0,"_bbp_reply_count":0,"_bbp_total_topic_count":0,"_bbp_total_reply_count":0,"_bbp_voice_count":0,"_bbp_anonymous_reply_count":0,"_bbp_topic_count_hidden":0,"_bbp_reply_count_hidden":0,"_bbp_forum_subforum_count":0,"footnotes":""},"categories":[10,11,12,13,14,15,84,83,74,79,80,76,2,81,3,8,9,5],"tags":[],"class_list":["post-3673","post","type-post","status-publish","format-standard","hentry","category-1r","category-2n","category-3r","category-4t","category-5e","category-6e","category-angles","category-aula-dacollida","category-cicle-inicial","category-cicle-mitja","category-cicle-superior","category-festes","category-infantil","category-musica","category-p3","category-p4","category-p5","category-primaria"],"post_mailing_queue_ids":[],"_links":{"self":[{"href":"https:\/\/agora.xtec.cat\/ceipmisericordia-reus\/wp-json\/wp\/v2\/posts\/3673","targetHints":{"allow":["GET"]}}],"collection":[{"href":"https:\/\/agora.xtec.cat\/ceipmisericordia-reus\/wp-json\/wp\/v2\/posts"}],"about":[{"href":"https:\/\/agora.xtec.cat\/ceipmisericordia-reus\/wp-json\/wp\/v2\/types\/post"}],"author":[{"embeddable":true,"href":"https:\/\/agora.xtec.cat\/ceipmisericordia-reus\/wp-json\/wp\/v2\/users\/1"}],"replies":[{"embeddable":true,"href":"https:\/\/agora.xtec.cat\/ceipmisericordia-reus\/wp-json\/wp\/v2\/comments?post=3673"}],"version-history":[{"count":0,"href":"https:\/\/agora.xtec.cat\/ceipmisericordia-reus\/wp-json\/wp\/v2\/posts\/3673\/revisions"}],"wp:attachment":[{"href":"https:\/\/agora.xtec.cat\/ceipmisericordia-reus\/wp-json\/wp\/v2\/media?parent=3673"}],"wp:term":[{"taxonomy":"category","embeddable":true,"href":"https:\/\/agora.xtec.cat\/ceipmisericordia-reus\/wp-json\/wp\/v2\/categories?post=3673"},{"taxonomy":"post_tag","embeddable":true,"href":"https:\/\/agora.xtec.cat\/ceipmisericordia-reus\/wp-json\/wp\/v2\/tags?post=3673"}],"curies":[{"name":"wp","href":"https:\/\/api.w.org\/{rel}","templated":true}]}}