{"id":3660,"date":"2019-11-26T16:07:00","date_gmt":"2019-11-26T15:07:00","guid":{"rendered":"https:\/\/agora.xtec.cat\/ceipmisericordia-reus\/general\/"},"modified":"2019-11-26T16:07:00","modified_gmt":"2019-11-26T15:07:00","slug":"3660","status":"publish","type":"post","link":"https:\/\/agora.xtec.cat\/ceipmisericordia-reus\/infantil\/3660\/","title":{"rendered":""},"content":{"rendered":"<p><span style=\"background-color: #f5f8fa; border: 0px solid black; box-sizing: border-box; color: #14171a; display: inline; font-stretch: inherit; font-variant-east-asian: inherit; font-variant-numeric: inherit; line-height: 1.3125; margin: 0px; min-width: 0px; overflow-wrap: break-word; padding: 0px; white-space: pre-wrap;\"><span style=\"font-family: Verdana, sans-serif; font-size: large;\">L&#8217;Escola Miseric\u00f2rdia aposta per l&#8217;art de Nuri Marin\u00e9 Durant dos dies, enllestir\u00e0 un mural amb la voluntat de plasmar la realitat multicultural d&#8217;aquest centre escolar. per Ariadna Escoda Padilla   Canal Reus TV<\/span><\/span><span style=\"background-color: #f5f8fa; border: 0px solid black; box-sizing: border-box; color: #14171a; display: inline; font-family: system-ui, -apple-system, BlinkMacSystemFont, &quot;Segoe UI&quot;, Roboto, Ubuntu, &quot;Helvetica Neue&quot;, sans-serif; font-size: 15px; font-stretch: inherit; font-variant-east-asian: inherit; font-variant-numeric: inherit; line-height: 1.3125; margin: 0px; min-width: 0px; overflow-wrap: break-word; padding: 0px; white-space: pre-wrap;\"><\/span><br \/><span style=\"-webkit-box-direction: normal; -webkit-box-orient: horizontal; background-color: #f5f8fa; color: #14171a; flex-direction: row; font-family: system-ui, -apple-system, BlinkMacSystemFont, &quot;Segoe UI&quot;, Roboto, Ubuntu, &quot;Helvetica Neue&quot;, sans-serif; font-size: 15px; white-space: pre-wrap;\"><\/span><\/p>\n<div style=\"clear: both; text-align: center;\"><a href=\"https:\/\/1.bp.blogspot.com\/-OYv6T3kotAA\/Xd0_cHHsfUI\/AAAAAAAAc7k\/mBnuNKkTmXwBucNkRnQTJN-5k0jr7KEoQCLcBGAsYHQ\/s1600\/1.jpg\" style=\"margin-left: 1em; margin-right: 1em;\"><img loading=\"lazy\" decoding=\"async\" border=\"0\" data-original-height=\"281\" data-original-width=\"540\" height=\"332\" src=\"https:\/\/1.bp.blogspot.com\/-OYv6T3kotAA\/Xd0_cHHsfUI\/AAAAAAAAc7k\/mBnuNKkTmXwBucNkRnQTJN-5k0jr7KEoQCLcBGAsYHQ\/s640\/1.jpg\" width=\"640\" \/><\/a><\/div>\n<p><\/p>\n","protected":false},"excerpt":{"rendered":"<p>L&#8217;Escola Miseric\u00f2rdia aposta per l&#8217;art de Nuri Marin\u00e9 Durant dos dies, enllestir\u00e0 un mural amb la voluntat de plasmar la realitat multicultural d&#8217;aquest centre escolar. per Ariadna Escoda Padilla   Canal Reus TV<br \/>\n<a href=\"https:\/\/1.bp.blogspot.com\/-OYv6T3kotAA\/Xd0_cHHsfUI\/AAAAAAAAc7k\/mBnuNKkTmXwBucNkRnQTJN-5k0jr7KEoQCLcBGAsYHQ\/s1600\/1.jpg\" style=\"margin-left: 1em; margin-right: 1em;\"><\/a><\/p>\n","protected":false},"author":1,"featured_media":0,"comment_status":"open","ping_status":"closed","sticky":false,"template":"","format":"standard","meta":{"_bbp_topic_count":0,"_bbp_reply_count":0,"_bbp_total_topic_count":0,"_bbp_total_reply_count":0,"_bbp_voice_count":0,"_bbp_anonymous_reply_count":0,"_bbp_topic_count_hidden":0,"_bbp_reply_count_hidden":0,"_bbp_forum_subforum_count":0,"footnotes":""},"categories":[10,11,12,13,14,15,77,74,2,3,8,9,5],"tags":[],"class_list":["post-3660","post","type-post","status-publish","format-standard","hentry","category-1r","category-2n","category-3r","category-4t","category-5e","category-6e","category-biblioteca","category-cicle-inicial","category-infantil","category-p3","category-p4","category-p5","category-primaria"],"post_mailing_queue_ids":[],"_links":{"self":[{"href":"https:\/\/agora.xtec.cat\/ceipmisericordia-reus\/wp-json\/wp\/v2\/posts\/3660","targetHints":{"allow":["GET"]}}],"collection":[{"href":"https:\/\/agora.xtec.cat\/ceipmisericordia-reus\/wp-json\/wp\/v2\/posts"}],"about":[{"href":"https:\/\/agora.xtec.cat\/ceipmisericordia-reus\/wp-json\/wp\/v2\/types\/post"}],"author":[{"embeddable":true,"href":"https:\/\/agora.xtec.cat\/ceipmisericordia-reus\/wp-json\/wp\/v2\/users\/1"}],"replies":[{"embeddable":true,"href":"https:\/\/agora.xtec.cat\/ceipmisericordia-reus\/wp-json\/wp\/v2\/comments?post=3660"}],"version-history":[{"count":0,"href":"https:\/\/agora.xtec.cat\/ceipmisericordia-reus\/wp-json\/wp\/v2\/posts\/3660\/revisions"}],"wp:attachment":[{"href":"https:\/\/agora.xtec.cat\/ceipmisericordia-reus\/wp-json\/wp\/v2\/media?parent=3660"}],"wp:term":[{"taxonomy":"category","embeddable":true,"href":"https:\/\/agora.xtec.cat\/ceipmisericordia-reus\/wp-json\/wp\/v2\/categories?post=3660"},{"taxonomy":"post_tag","embeddable":true,"href":"https:\/\/agora.xtec.cat\/ceipmisericordia-reus\/wp-json\/wp\/v2\/tags?post=3660"}],"curies":[{"name":"wp","href":"https:\/\/api.w.org\/{rel}","templated":true}]}}