{"id":3642,"date":"2019-12-18T11:48:00","date_gmt":"2019-12-18T10:48:00","guid":{"rendered":"https:\/\/agora.xtec.cat\/ceipmisericordia-reus\/general\/patinatge-de-nadal\/"},"modified":"2019-12-18T11:48:00","modified_gmt":"2019-12-18T10:48:00","slug":"patinatge-de-nadal","status":"publish","type":"post","link":"https:\/\/agora.xtec.cat\/ceipmisericordia-reus\/general\/patinatge-de-nadal\/","title":{"rendered":"Patinatge de nadal"},"content":{"rendered":"<p><span style=\"color: #666666; font-family: &quot;open sans&quot; , &quot;helvetica&quot; , &quot;arial&quot; , sans-serif; font-size: 16px;\">Ahir els alumnes de sis\u00e8 vam anar a patinar sobre gel a la pla\u00e7a de la Llibertat!! Que b\u00e9 ho vam passar!<\/span><span style=\"background-position: left bottom; background-repeat: repeat-x; color: #666666; cursor: default; font-family: &quot;open sans&quot; , &quot;helvetica&quot; , &quot;arial&quot; , sans-serif; font-size: 16px; padding-bottom: 2px;\">!<\/span><br \/><span style=\"background-position: left bottom; background-repeat: repeat-x; color: #666666; cursor: default; font-family: &quot;open sans&quot; , &quot;helvetica&quot; , &quot;arial&quot; , sans-serif; font-size: 16px; padding-bottom: 2px;\"><br \/><\/span><span style=\"background-position: left bottom; background-repeat: repeat-x; color: #666666; cursor: default; font-family: &quot;open sans&quot; , &quot;helvetica&quot; , &quot;arial&quot; , sans-serif; font-size: 16px; padding-bottom: 2px;\"><br \/><\/span><\/p>\n<div style=\"clear: both; text-align: center;\"><a href=\"https:\/\/1.bp.blogspot.com\/-0pMwpmev2Vc\/XfoD7l-C1xI\/AAAAAAAAdIY\/XmPTepCaB58Jo84Q3qDBIOWts4kCQ0EUACLcBGAsYHQ\/s1600\/1.jpg\" style=\"margin-left: 1em; margin-right: 1em;\"><img loading=\"lazy\" decoding=\"async\" border=\"0\" data-original-height=\"1200\" data-original-width=\"1600\" height=\"240\" src=\"https:\/\/1.bp.blogspot.com\/-0pMwpmev2Vc\/XfoD7l-C1xI\/AAAAAAAAdIY\/XmPTepCaB58Jo84Q3qDBIOWts4kCQ0EUACLcBGAsYHQ\/s320\/1.jpg\" width=\"320\" \/><\/a><\/div>\n<p><\/p>\n<div style=\"clear: both; text-align: center;\"><a href=\"https:\/\/1.bp.blogspot.com\/-VyO_2qCSRjk\/XfoD7sY5C-I\/AAAAAAAAdIQ\/rvsdVKV6NYQgkxfBRWAwKfcGz6LCvxgzgCLcBGAsYHQ\/s1600\/2.jpg\" style=\"margin-left: 1em; margin-right: 1em;\"><img loading=\"lazy\" decoding=\"async\" border=\"0\" data-original-height=\"1200\" data-original-width=\"1600\" height=\"240\" src=\"https:\/\/1.bp.blogspot.com\/-VyO_2qCSRjk\/XfoD7sY5C-I\/AAAAAAAAdIQ\/rvsdVKV6NYQgkxfBRWAwKfcGz6LCvxgzgCLcBGAsYHQ\/s320\/2.jpg\" width=\"320\" \/><\/a><\/div>\n<p><\/p>\n<div style=\"clear: both; text-align: center;\"><a href=\"https:\/\/1.bp.blogspot.com\/--_8BpUPalog\/XfoD7rLKZ_I\/AAAAAAAAdIU\/z4GqVrj3TpAXTSUEhFuPRzm3PhBlN6_5gCLcBGAsYHQ\/s1600\/3.jpg\" style=\"margin-left: 1em; margin-right: 1em;\"><img loading=\"lazy\" decoding=\"async\" border=\"0\" data-original-height=\"1200\" data-original-width=\"1600\" height=\"240\" src=\"https:\/\/1.bp.blogspot.com\/--_8BpUPalog\/XfoD7rLKZ_I\/AAAAAAAAdIU\/z4GqVrj3TpAXTSUEhFuPRzm3PhBlN6_5gCLcBGAsYHQ\/s320\/3.jpg\" width=\"320\" \/><\/a><\/div>\n<p><\/p>\n<div style=\"clear: both; text-align: center;\"><a href=\"https:\/\/1.bp.blogspot.com\/-GB3TlTbEJc8\/XfoD8kecUdI\/AAAAAAAAdIc\/cytoNQlsiawtecdexq6oNKWnfbtiql1KgCLcBGAsYHQ\/s1600\/4.jpg\" style=\"margin-left: 1em; margin-right: 1em;\"><img loading=\"lazy\" decoding=\"async\" border=\"0\" data-original-height=\"1200\" data-original-width=\"1600\" height=\"240\" src=\"https:\/\/1.bp.blogspot.com\/-GB3TlTbEJc8\/XfoD8kecUdI\/AAAAAAAAdIc\/cytoNQlsiawtecdexq6oNKWnfbtiql1KgCLcBGAsYHQ\/s320\/4.jpg\" width=\"320\" \/><\/a><\/div>\n<p><span style=\"background-position: left bottom; background-repeat: repeat-x; color: #666666; cursor: default; font-family: &quot;open sans&quot; , &quot;helvetica&quot; , &quot;arial&quot; , sans-serif; font-size: 16px; padding-bottom: 2px;\"><br \/><\/span><\/p>\n","protected":false},"excerpt":{"rendered":"<p>Ahir els alumnes de sis\u00e8 vam anar a patinar sobre gel a la pla\u00e7a de la Llibertat!! Que b\u00e9 ho vam passar!!<br \/>\n<a href=\"https:\/\/1.bp.blogspot.com\/-0pMwpmev2Vc\/XfoD7l-C1xI\/AAAAAAAAdIY\/XmPTepCaB58Jo84Q3qDBIOWts4kCQ0EUACLcBGAsYHQ\/s1600\/1.jpg\" style=\"margin-left: 1em; margin-right: 1em;\"><\/a><\/p>\n<p><a href=\"https:\/\/1.bp.blogspot.com\/-VyO_2qCSRjk\/XfoD7sY5C-I\/AAAAAAAAdIQ\/rvsdVKV6NYQgkxfBRWAwKfcGz6LCvxgzgCLcBGAsYHQ\/s1600\/2.jpg\" style=\"margin-left: 1em; margin-right: 1em;\"><\/a><\/p>\n<p><a href=\"https:\/\/1.bp.blogspot.com\/--_8BpUPalog\/XfoD7rLKZ_I\/AAAAAAAAdIU\/z4GqVrj3TpAXTSUEhFuPRzm3PhBlN6_5gCLcBGAsYHQ\/s1600\/3.jpg\" style=\"margin-left: 1em; margin-right: 1em;\"><\/a><\/p>\n<p><a href=\"https:\/\/1.bp.blogspot.com\/-GB3TlTbEJc8\/XfoD8kecUdI\/AAAAAAAAdIc\/cytoNQlsiawtecdexq6oNKWnfbtiql1KgCLcBGAsYHQ\/s1600\/4.jpg\" style=\"margin-left: 1em; margin-right: 1em;\"><\/a><\/p>\n","protected":false},"author":1,"featured_media":0,"comment_status":"open","ping_status":"closed","sticky":false,"template":"","format":"standard","meta":{"_bbp_topic_count":0,"_bbp_reply_count":0,"_bbp_total_topic_count":0,"_bbp_total_reply_count":0,"_bbp_voice_count":0,"_bbp_anonymous_reply_count":0,"_bbp_topic_count_hidden":0,"_bbp_reply_count_hidden":0,"_bbp_forum_subforum_count":0,"footnotes":""},"categories":[1],"tags":[],"class_list":["post-3642","post","type-post","status-publish","format-standard","hentry","category-general"],"post_mailing_queue_ids":[],"_links":{"self":[{"href":"https:\/\/agora.xtec.cat\/ceipmisericordia-reus\/wp-json\/wp\/v2\/posts\/3642","targetHints":{"allow":["GET"]}}],"collection":[{"href":"https:\/\/agora.xtec.cat\/ceipmisericordia-reus\/wp-json\/wp\/v2\/posts"}],"about":[{"href":"https:\/\/agora.xtec.cat\/ceipmisericordia-reus\/wp-json\/wp\/v2\/types\/post"}],"author":[{"embeddable":true,"href":"https:\/\/agora.xtec.cat\/ceipmisericordia-reus\/wp-json\/wp\/v2\/users\/1"}],"replies":[{"embeddable":true,"href":"https:\/\/agora.xtec.cat\/ceipmisericordia-reus\/wp-json\/wp\/v2\/comments?post=3642"}],"version-history":[{"count":0,"href":"https:\/\/agora.xtec.cat\/ceipmisericordia-reus\/wp-json\/wp\/v2\/posts\/3642\/revisions"}],"wp:attachment":[{"href":"https:\/\/agora.xtec.cat\/ceipmisericordia-reus\/wp-json\/wp\/v2\/media?parent=3642"}],"wp:term":[{"taxonomy":"category","embeddable":true,"href":"https:\/\/agora.xtec.cat\/ceipmisericordia-reus\/wp-json\/wp\/v2\/categories?post=3642"},{"taxonomy":"post_tag","embeddable":true,"href":"https:\/\/agora.xtec.cat\/ceipmisericordia-reus\/wp-json\/wp\/v2\/tags?post=3642"}],"curies":[{"name":"wp","href":"https:\/\/api.w.org\/{rel}","templated":true}]}}