{"id":3610,"date":"2020-02-13T19:23:00","date_gmt":"2020-02-13T18:23:00","guid":{"rendered":""},"modified":"2020-03-05T10:01:31","modified_gmt":"2020-03-05T09:01:31","slug":"avia-contacontes-a-educacio-infantil","status":"publish","type":"post","link":"https:\/\/agora.xtec.cat\/ceipmisericordia-reus\/general\/avia-contacontes-a-educacio-infantil\/","title":{"rendered":"\u00c0via contacontes a educaci\u00f3 infantil."},"content":{"rendered":"<p>Avui hem rebut la visita de la Josepa del grup d&#8217;\u00e0vies conta contes. Tots\/es han estat molt atents\/es i n&#8217;han gaudit d&#8217;all\u00f2 m\u00e9s. <a href=\"https:\/\/photos.app.goo.gl\/BKitM9ykzzQmTSGH8\" target=\"_blank\" rel=\"noopener noreferrer\">Cliqueu aqu\u00ed.<\/a><\/p>\n<div style=\"clear: both; text-align: center;\"><img decoding=\"async\" alt=\"\" border=\"0\" data-original-height=\"226\" data-original-width=\"200\" src=\"https:\/\/agora.xtec.cat\/ceipmisericordia-reus\/wp-content\/uploads\/usu2066\/2020\/02\/download.jpg\" title=\"\" \/><\/div>\n<p>Moltes gr\u00e0cies per la vostra visita.<\/p>\n","protected":false},"excerpt":{"rendered":"<p>Avui hem rebut la visita de la Josepa del grup d&#8217;\u00e0vies conta contes. Tots\/es han estat molt atents\/es i n&#8217;han gaudit d&#8217;all\u00f2 m\u00e9s. <a href=\"https:\/\/photos.app.goo.gl\/BKitM9ykzzQmTSGH8\" target=\"_blank\" rel=\"noopener noreferrer\">Cliqueu aqu\u00ed.<\/a><\/p>\n<p>Moltes gr\u00e0cies per la vostra visita.<\/p>\n","protected":false},"author":1,"featured_media":2075,"comment_status":"open","ping_status":"closed","sticky":false,"template":"","format":"standard","meta":{"_bbp_topic_count":0,"_bbp_reply_count":0,"_bbp_total_topic_count":0,"_bbp_total_reply_count":0,"_bbp_voice_count":0,"_bbp_anonymous_reply_count":0,"_bbp_topic_count_hidden":0,"_bbp_reply_count_hidden":0,"_bbp_forum_subforum_count":0,"footnotes":""},"categories":[1,4],"tags":[],"class_list":["post-3610","post","type-post","status-publish","format-standard","has-post-thumbnail","hentry","category-general","category-portada"],"post_mailing_queue_ids":[],"_links":{"self":[{"href":"https:\/\/agora.xtec.cat\/ceipmisericordia-reus\/wp-json\/wp\/v2\/posts\/3610","targetHints":{"allow":["GET"]}}],"collection":[{"href":"https:\/\/agora.xtec.cat\/ceipmisericordia-reus\/wp-json\/wp\/v2\/posts"}],"about":[{"href":"https:\/\/agora.xtec.cat\/ceipmisericordia-reus\/wp-json\/wp\/v2\/types\/post"}],"author":[{"embeddable":true,"href":"https:\/\/agora.xtec.cat\/ceipmisericordia-reus\/wp-json\/wp\/v2\/users\/1"}],"replies":[{"embeddable":true,"href":"https:\/\/agora.xtec.cat\/ceipmisericordia-reus\/wp-json\/wp\/v2\/comments?post=3610"}],"version-history":[{"count":2,"href":"https:\/\/agora.xtec.cat\/ceipmisericordia-reus\/wp-json\/wp\/v2\/posts\/3610\/revisions"}],"predecessor-version":[{"id":4820,"href":"https:\/\/agora.xtec.cat\/ceipmisericordia-reus\/wp-json\/wp\/v2\/posts\/3610\/revisions\/4820"}],"wp:featuredmedia":[{"embeddable":true,"href":"https:\/\/agora.xtec.cat\/ceipmisericordia-reus\/wp-json\/wp\/v2\/media\/2075"}],"wp:attachment":[{"href":"https:\/\/agora.xtec.cat\/ceipmisericordia-reus\/wp-json\/wp\/v2\/media?parent=3610"}],"wp:term":[{"taxonomy":"category","embeddable":true,"href":"https:\/\/agora.xtec.cat\/ceipmisericordia-reus\/wp-json\/wp\/v2\/categories?post=3610"},{"taxonomy":"post_tag","embeddable":true,"href":"https:\/\/agora.xtec.cat\/ceipmisericordia-reus\/wp-json\/wp\/v2\/tags?post=3610"}],"curies":[{"name":"wp","href":"https:\/\/api.w.org\/{rel}","templated":true}]}}