{"id":12311,"date":"2026-04-24T15:09:18","date_gmt":"2026-04-24T13:09:18","guid":{"rendered":"https:\/\/agora.xtec.cat\/ceipmisericordia-reus\/?p=12311"},"modified":"2026-04-24T15:11:18","modified_gmt":"2026-04-24T13:11:18","slug":"cicle-mitja-viu-sant-jordi","status":"publish","type":"post","link":"https:\/\/agora.xtec.cat\/ceipmisericordia-reus\/general\/cicle-mitja-viu-sant-jordi\/","title":{"rendered":"CICLE MITJ\u00c0 VIU SANT JORDI!"},"content":{"rendered":"<p>L\u2019alumnat de cicle mitj\u00e0 ha visitat la pla\u00e7a Mercadal de Reus per gaudir de la gran festa de Sant Jordi, envoltats de parades de llibres i roses. A m\u00e9s, hem assistit a l\u2019Ajuntament per gaudir d\u2019una presentaci\u00f3 d\u2019un llibre sobre Gaud\u00ed. Ha sigut una experi\u00e8ncia cultural i festiva per viure la tradici\u00f3 en un ambient ple de vida!<\/p>\n<p><a href=\"https:\/\/agora.xtec.cat\/ceipmisericordia-reus\/wp-content\/uploads\/usu2066\/2026\/04\/Sant-jordi-CM_11zon-scaled.jpg\"><img loading=\"lazy\" decoding=\"async\" class=\"alignleft size-large wp-image-12312\" src=\"https:\/\/agora.xtec.cat\/ceipmisericordia-reus\/wp-content\/uploads\/usu2066\/2026\/04\/Sant-jordi-CM_11zon-768x1024.jpg\" alt=\"\" width=\"768\" height=\"1024\" srcset=\"https:\/\/agora.xtec.cat\/ceipmisericordia-reus\/wp-content\/uploads\/usu2066\/2026\/04\/Sant-jordi-CM_11zon-768x1024.jpg 768w, https:\/\/agora.xtec.cat\/ceipmisericordia-reus\/wp-content\/uploads\/usu2066\/2026\/04\/Sant-jordi-CM_11zon-225x300.jpg 225w, https:\/\/agora.xtec.cat\/ceipmisericordia-reus\/wp-content\/uploads\/usu2066\/2026\/04\/Sant-jordi-CM_11zon-1152x1536.jpg 1152w, https:\/\/agora.xtec.cat\/ceipmisericordia-reus\/wp-content\/uploads\/usu2066\/2026\/04\/Sant-jordi-CM_11zon-1536x2048.jpg 1536w, https:\/\/agora.xtec.cat\/ceipmisericordia-reus\/wp-content\/uploads\/usu2066\/2026\/04\/Sant-jordi-CM_11zon-scaled.jpg 1920w\" sizes=\"auto, (max-width: 768px) 100vw, 768px\" \/><\/a><\/p>\n","protected":false},"excerpt":{"rendered":"<p>L\u2019alumnat de cicle mitj\u00e0 ha visitat la pla\u00e7a Mercadal de Reus per gaudir de la gran festa de Sant Jordi, envoltats de parades de llibres i roses. A m\u00e9s, hem assistit a l\u2019Ajuntament per gaudir d\u2019una presentaci\u00f3 d\u2019un llibre sobre Gaud\u00ed. Ha sigut una experi\u00e8ncia&hellip;  <a href=\"https:\/\/agora.xtec.cat\/ceipmisericordia-reus\/general\/cicle-mitja-viu-sant-jordi\/\" title=\"Read CICLE MITJ\u00c0 VIU SANT JORDI!\">Llegeix m\u00e9s\u00bb<\/a><\/p>\n","protected":false},"author":4,"featured_media":0,"comment_status":"open","ping_status":"open","sticky":false,"template":"","format":"standard","meta":{"_bbp_topic_count":0,"_bbp_reply_count":0,"_bbp_total_topic_count":0,"_bbp_total_reply_count":0,"_bbp_voice_count":0,"_bbp_anonymous_reply_count":0,"_bbp_topic_count_hidden":0,"_bbp_reply_count_hidden":0,"_bbp_forum_subforum_count":0,"footnotes":""},"categories":[79,76,108,1,4,107],"tags":[624],"class_list":["post-12311","post","type-post","status-publish","format-standard","hentry","category-cicle-mitja","category-festes","category-festes-i-tradicions-populars","category-general","category-portada","category-sant-jordi","tag-escolamisericordiadereus-escolapublica-santjordi-monmisericordia"],"post_mailing_queue_ids":[],"_links":{"self":[{"href":"https:\/\/agora.xtec.cat\/ceipmisericordia-reus\/wp-json\/wp\/v2\/posts\/12311","targetHints":{"allow":["GET"]}}],"collection":[{"href":"https:\/\/agora.xtec.cat\/ceipmisericordia-reus\/wp-json\/wp\/v2\/posts"}],"about":[{"href":"https:\/\/agora.xtec.cat\/ceipmisericordia-reus\/wp-json\/wp\/v2\/types\/post"}],"author":[{"embeddable":true,"href":"https:\/\/agora.xtec.cat\/ceipmisericordia-reus\/wp-json\/wp\/v2\/users\/4"}],"replies":[{"embeddable":true,"href":"https:\/\/agora.xtec.cat\/ceipmisericordia-reus\/wp-json\/wp\/v2\/comments?post=12311"}],"version-history":[{"count":1,"href":"https:\/\/agora.xtec.cat\/ceipmisericordia-reus\/wp-json\/wp\/v2\/posts\/12311\/revisions"}],"predecessor-version":[{"id":12313,"href":"https:\/\/agora.xtec.cat\/ceipmisericordia-reus\/wp-json\/wp\/v2\/posts\/12311\/revisions\/12313"}],"wp:attachment":[{"href":"https:\/\/agora.xtec.cat\/ceipmisericordia-reus\/wp-json\/wp\/v2\/media?parent=12311"}],"wp:term":[{"taxonomy":"category","embeddable":true,"href":"https:\/\/agora.xtec.cat\/ceipmisericordia-reus\/wp-json\/wp\/v2\/categories?post=12311"},{"taxonomy":"post_tag","embeddable":true,"href":"https:\/\/agora.xtec.cat\/ceipmisericordia-reus\/wp-json\/wp\/v2\/tags?post=12311"}],"curies":[{"name":"wp","href":"https:\/\/api.w.org\/{rel}","templated":true}]}}