{"id":12270,"date":"2026-04-15T11:20:54","date_gmt":"2026-04-15T09:20:54","guid":{"rendered":"https:\/\/agora.xtec.cat\/ceipmisericordia-reus\/?p=12270"},"modified":"2026-04-15T11:20:54","modified_gmt":"2026-04-15T09:20:54","slug":"any-gaudi","status":"publish","type":"post","link":"https:\/\/agora.xtec.cat\/ceipmisericordia-reus\/general\/any-gaudi\/","title":{"rendered":"ANY GAUD\u00cd"},"content":{"rendered":"<p>Ahir dimarts, l\u2019alumnat de tercer vam visitar el Centre Gaud\u00ed, coincidint amb el centenari de la mort d\u2019Antoni Gaud\u00ed, i vam tenir el privilegi de con\u00e8ixer la il\u00b7lustradora Pilar\u00edn Bay\u00e9s, autora de Petita hist\u00f2ria de Gaud\u00ed. Una experi\u00e8ncia molt especial.<\/p>\n<p><a href=\"https:\/\/agora.xtec.cat\/ceipmisericordia-reus\/wp-content\/uploads\/usu2066\/2026\/04\/IMG_3415-1_11zon-scaled.jpg\"><img loading=\"lazy\" decoding=\"async\" class=\"alignleft size-large wp-image-12271\" src=\"https:\/\/agora.xtec.cat\/ceipmisericordia-reus\/wp-content\/uploads\/usu2066\/2026\/04\/IMG_3415-1_11zon-768x1024.jpg\" alt=\"\" width=\"768\" height=\"1024\" srcset=\"https:\/\/agora.xtec.cat\/ceipmisericordia-reus\/wp-content\/uploads\/usu2066\/2026\/04\/IMG_3415-1_11zon-768x1024.jpg 768w, https:\/\/agora.xtec.cat\/ceipmisericordia-reus\/wp-content\/uploads\/usu2066\/2026\/04\/IMG_3415-1_11zon-225x300.jpg 225w, https:\/\/agora.xtec.cat\/ceipmisericordia-reus\/wp-content\/uploads\/usu2066\/2026\/04\/IMG_3415-1_11zon-1152x1536.jpg 1152w, https:\/\/agora.xtec.cat\/ceipmisericordia-reus\/wp-content\/uploads\/usu2066\/2026\/04\/IMG_3415-1_11zon-1536x2048.jpg 1536w, https:\/\/agora.xtec.cat\/ceipmisericordia-reus\/wp-content\/uploads\/usu2066\/2026\/04\/IMG_3415-1_11zon-scaled.jpg 1920w\" sizes=\"auto, (max-width: 768px) 100vw, 768px\" \/><\/a><\/p>\n","protected":false},"excerpt":{"rendered":"<p>Ahir dimarts, l\u2019alumnat de tercer vam visitar el Centre Gaud\u00ed, coincidint amb el centenari de la mort d\u2019Antoni Gaud\u00ed, i vam tenir el privilegi de con\u00e8ixer la il\u00b7lustradora Pilar\u00edn Bay\u00e9s, autora de Petita hist\u00f2ria de Gaud\u00ed. Una experi\u00e8ncia molt especial.<br \/>\n<a href=\"https:\/\/agora.xtec.cat\/ceipmisericordia-reus\/wp-content\/uploads\/usu2066\/2026\/04\/IMG_3415-1_11zon-scaled.jpg\"><\/a><\/p>\n","protected":false},"author":4,"featured_media":0,"comment_status":"open","ping_status":"open","sticky":false,"template":"","format":"standard","meta":{"_bbp_topic_count":0,"_bbp_reply_count":0,"_bbp_total_topic_count":0,"_bbp_total_reply_count":0,"_bbp_voice_count":0,"_bbp_anonymous_reply_count":0,"_bbp_topic_count_hidden":0,"_bbp_reply_count_hidden":0,"_bbp_forum_subforum_count":0,"footnotes":""},"categories":[12,1,4],"tags":[620],"class_list":["post-12270","post","type-post","status-publish","format-standard","hentry","category-3r","category-general","category-portada","tag-escolamisericordiadereus-escolapublica-centenarigaudi-pilarinbayes-monmisericordia"],"post_mailing_queue_ids":[],"_links":{"self":[{"href":"https:\/\/agora.xtec.cat\/ceipmisericordia-reus\/wp-json\/wp\/v2\/posts\/12270","targetHints":{"allow":["GET"]}}],"collection":[{"href":"https:\/\/agora.xtec.cat\/ceipmisericordia-reus\/wp-json\/wp\/v2\/posts"}],"about":[{"href":"https:\/\/agora.xtec.cat\/ceipmisericordia-reus\/wp-json\/wp\/v2\/types\/post"}],"author":[{"embeddable":true,"href":"https:\/\/agora.xtec.cat\/ceipmisericordia-reus\/wp-json\/wp\/v2\/users\/4"}],"replies":[{"embeddable":true,"href":"https:\/\/agora.xtec.cat\/ceipmisericordia-reus\/wp-json\/wp\/v2\/comments?post=12270"}],"version-history":[{"count":1,"href":"https:\/\/agora.xtec.cat\/ceipmisericordia-reus\/wp-json\/wp\/v2\/posts\/12270\/revisions"}],"predecessor-version":[{"id":12272,"href":"https:\/\/agora.xtec.cat\/ceipmisericordia-reus\/wp-json\/wp\/v2\/posts\/12270\/revisions\/12272"}],"wp:attachment":[{"href":"https:\/\/agora.xtec.cat\/ceipmisericordia-reus\/wp-json\/wp\/v2\/media?parent=12270"}],"wp:term":[{"taxonomy":"category","embeddable":true,"href":"https:\/\/agora.xtec.cat\/ceipmisericordia-reus\/wp-json\/wp\/v2\/categories?post=12270"},{"taxonomy":"post_tag","embeddable":true,"href":"https:\/\/agora.xtec.cat\/ceipmisericordia-reus\/wp-json\/wp\/v2\/tags?post=12270"}],"curies":[{"name":"wp","href":"https:\/\/api.w.org\/{rel}","templated":true}]}}