{"id":12165,"date":"2026-03-11T16:48:12","date_gmt":"2026-03-11T15:48:12","guid":{"rendered":"https:\/\/agora.xtec.cat\/ceipmisericordia-reus\/?p=12165"},"modified":"2026-03-11T16:48:12","modified_gmt":"2026-03-11T15:48:12","slug":"taller-amb-families","status":"publish","type":"post","link":"https:\/\/agora.xtec.cat\/ceipmisericordia-reus\/general\/taller-amb-families\/","title":{"rendered":"TALLER AMB FAM\u00cdLIES"},"content":{"rendered":"<p>El passat dia 03 de mar\u00e7 dintre del taller amb fam\u00edlies va venir una mama d&#8217;I5 a explicar-nos un conte. Va ser una gran experi\u00e8ncia per als infants.<br \/>\n<a href=\"https:\/\/agora.xtec.cat\/ceipmisericordia-reus\/wp-content\/uploads\/usu2066\/2026\/03\/InShot_20260310_181319931.jpg\"><img loading=\"lazy\" decoding=\"async\" class=\"alignleft size-large wp-image-12166\" src=\"https:\/\/agora.xtec.cat\/ceipmisericordia-reus\/wp-content\/uploads\/usu2066\/2026\/03\/InShot_20260310_181319931-1024x1024.jpg\" alt=\"\" width=\"1024\" height=\"1024\" srcset=\"https:\/\/agora.xtec.cat\/ceipmisericordia-reus\/wp-content\/uploads\/usu2066\/2026\/03\/InShot_20260310_181319931-1024x1024.jpg 1024w, https:\/\/agora.xtec.cat\/ceipmisericordia-reus\/wp-content\/uploads\/usu2066\/2026\/03\/InShot_20260310_181319931-300x300.jpg 300w, https:\/\/agora.xtec.cat\/ceipmisericordia-reus\/wp-content\/uploads\/usu2066\/2026\/03\/InShot_20260310_181319931-150x150.jpg 150w, https:\/\/agora.xtec.cat\/ceipmisericordia-reus\/wp-content\/uploads\/usu2066\/2026\/03\/InShot_20260310_181319931-768x768.jpg 768w, https:\/\/agora.xtec.cat\/ceipmisericordia-reus\/wp-content\/uploads\/usu2066\/2026\/03\/InShot_20260310_181319931-1536x1536.jpg 1536w, https:\/\/agora.xtec.cat\/ceipmisericordia-reus\/wp-content\/uploads\/usu2066\/2026\/03\/InShot_20260310_181319931.jpg 1920w\" sizes=\"auto, (max-width: 1024px) 100vw, 1024px\" \/><\/a><\/p>\n","protected":false},"excerpt":{"rendered":"<p>El passat dia 03 de mar\u00e7 dintre del taller amb fam\u00edlies va venir una mama d&#8217;I5 a explicar-nos un conte. Va ser una gran experi\u00e8ncia per als infants.<br \/>\n<a href=\"https:\/\/agora.xtec.cat\/ceipmisericordia-reus\/wp-content\/uploads\/usu2066\/2026\/03\/InShot_20260310_181319931.jpg\"><\/a><\/p>\n","protected":false},"author":4,"featured_media":0,"comment_status":"open","ping_status":"open","sticky":false,"template":"","format":"standard","meta":{"_bbp_topic_count":0,"_bbp_reply_count":0,"_bbp_total_topic_count":0,"_bbp_total_reply_count":0,"_bbp_voice_count":0,"_bbp_anonymous_reply_count":0,"_bbp_topic_count_hidden":0,"_bbp_reply_count_hidden":0,"_bbp_forum_subforum_count":0,"footnotes":""},"categories":[92,98,1,9,4],"tags":[423],"class_list":["post-12165","post","type-post","status-publish","format-standard","hentry","category-activitats-al-centre","category-familia","category-general","category-p5","category-portada","tag-escolamisericordiadereus-escolapublica-monmisericordia"],"post_mailing_queue_ids":[],"_links":{"self":[{"href":"https:\/\/agora.xtec.cat\/ceipmisericordia-reus\/wp-json\/wp\/v2\/posts\/12165","targetHints":{"allow":["GET"]}}],"collection":[{"href":"https:\/\/agora.xtec.cat\/ceipmisericordia-reus\/wp-json\/wp\/v2\/posts"}],"about":[{"href":"https:\/\/agora.xtec.cat\/ceipmisericordia-reus\/wp-json\/wp\/v2\/types\/post"}],"author":[{"embeddable":true,"href":"https:\/\/agora.xtec.cat\/ceipmisericordia-reus\/wp-json\/wp\/v2\/users\/4"}],"replies":[{"embeddable":true,"href":"https:\/\/agora.xtec.cat\/ceipmisericordia-reus\/wp-json\/wp\/v2\/comments?post=12165"}],"version-history":[{"count":1,"href":"https:\/\/agora.xtec.cat\/ceipmisericordia-reus\/wp-json\/wp\/v2\/posts\/12165\/revisions"}],"predecessor-version":[{"id":12167,"href":"https:\/\/agora.xtec.cat\/ceipmisericordia-reus\/wp-json\/wp\/v2\/posts\/12165\/revisions\/12167"}],"wp:attachment":[{"href":"https:\/\/agora.xtec.cat\/ceipmisericordia-reus\/wp-json\/wp\/v2\/media?parent=12165"}],"wp:term":[{"taxonomy":"category","embeddable":true,"href":"https:\/\/agora.xtec.cat\/ceipmisericordia-reus\/wp-json\/wp\/v2\/categories?post=12165"},{"taxonomy":"post_tag","embeddable":true,"href":"https:\/\/agora.xtec.cat\/ceipmisericordia-reus\/wp-json\/wp\/v2\/tags?post=12165"}],"curies":[{"name":"wp","href":"https:\/\/api.w.org\/{rel}","templated":true}]}}