{"id":12137,"date":"2026-03-04T15:06:22","date_gmt":"2026-03-04T14:06:22","guid":{"rendered":"https:\/\/agora.xtec.cat\/ceipmisericordia-reus\/?p=12137"},"modified":"2026-03-04T15:06:22","modified_gmt":"2026-03-04T14:06:22","slug":"dia-de-les-llengues-maternes-2","status":"publish","type":"post","link":"https:\/\/agora.xtec.cat\/ceipmisericordia-reus\/general\/dia-de-les-llengues-maternes-2\/","title":{"rendered":"DIA DE LES LLENG\u00dcES MATERNES"},"content":{"rendered":"<p>\ud83c\udf0d\ud83d\udcda Celebrem el Dia Internacional de les Lleng\u00fces Maternes<\/p>\n<p>Des de la comissi\u00f3 de biblioteca hem preparat una petita exposici\u00f3 de llibres en diferents lleng\u00fces presents a la nostra escola: itali\u00e0, xin\u00e8s, \u00e0rab, basc, franc\u00e8s, ucra\u00efn\u00e8s\u2026<\/p>\n<p>Cada llengua \u00e9s una manera \u00fanica de veure i explicar el m\u00f3n. Amb aquesta mostra volem donar valor a la riquesa ling\u00fc\u00edstica i cultural que conviu a les nostres aules, fomentar el respecte per la diversitat i despertar la curiositat per altres lleng\u00fces i cultures.<\/p>\n<p>Us animem a apropar-vos, fullejar els llibres i descobrir hist\u00f2ries que viatgen m\u00e9s enll\u00e0 de les paraules.<\/p>\n<p>\ud83d\udde3\ufe0f Perqu\u00e8 cada llengua compta.<br \/>\n\ud83d\udcd6 Perqu\u00e8 cada veu suma.<\/p>\n<p><a href=\"https:\/\/agora.xtec.cat\/ceipmisericordia-reus\/wp-content\/uploads\/usu2066\/2026\/03\/biblio.jpeg\"><img loading=\"lazy\" decoding=\"async\" class=\"alignleft size-large wp-image-12138\" src=\"https:\/\/agora.xtec.cat\/ceipmisericordia-reus\/wp-content\/uploads\/usu2066\/2026\/03\/biblio-768x1024.jpeg\" alt=\"\" width=\"768\" height=\"1024\" srcset=\"https:\/\/agora.xtec.cat\/ceipmisericordia-reus\/wp-content\/uploads\/usu2066\/2026\/03\/biblio-768x1024.jpeg 768w, https:\/\/agora.xtec.cat\/ceipmisericordia-reus\/wp-content\/uploads\/usu2066\/2026\/03\/biblio-225x300.jpeg 225w, https:\/\/agora.xtec.cat\/ceipmisericordia-reus\/wp-content\/uploads\/usu2066\/2026\/03\/biblio-1152x1536.jpeg 1152w, https:\/\/agora.xtec.cat\/ceipmisericordia-reus\/wp-content\/uploads\/usu2066\/2026\/03\/biblio.jpeg 1500w\" sizes=\"auto, (max-width: 768px) 100vw, 768px\" \/><\/a><\/p>\n","protected":false},"excerpt":{"rendered":"<p>\ud83c\udf0d\ud83d\udcda Celebrem el Dia Internacional de les Lleng\u00fces Maternes<br \/>\nDes de la comissi\u00f3 de biblioteca hem preparat una petita exposici\u00f3 de llibres en diferents lleng\u00fces presents a la nostra escola: itali\u00e0, xin\u00e8s, \u00e0rab, basc, franc\u00e8s, ucra\u00efn\u00e8s\u2026<br \/>\nCada llengua \u00e9s una manera \u00fanica de veure i explicar el&hellip;  <a href=\"https:\/\/agora.xtec.cat\/ceipmisericordia-reus\/general\/dia-de-les-llengues-maternes-2\/\" title=\"Read DIA DE LES LLENG\u00dcES MATERNES\">Llegeix m\u00e9s\u00bb<\/a><\/p>\n","protected":false},"author":4,"featured_media":0,"comment_status":"open","ping_status":"open","sticky":false,"template":"","format":"standard","meta":{"_bbp_topic_count":0,"_bbp_reply_count":0,"_bbp_total_topic_count":0,"_bbp_total_reply_count":0,"_bbp_voice_count":0,"_bbp_anonymous_reply_count":0,"_bbp_topic_count_hidden":0,"_bbp_reply_count_hidden":0,"_bbp_forum_subforum_count":0,"footnotes":""},"categories":[92,77,1,97,4],"tags":[423],"class_list":["post-12137","post","type-post","status-publish","format-standard","hentry","category-activitats-al-centre","category-biblioteca","category-general","category-noticies","category-portada","tag-escolamisericordiadereus-escolapublica-monmisericordia"],"post_mailing_queue_ids":[],"_links":{"self":[{"href":"https:\/\/agora.xtec.cat\/ceipmisericordia-reus\/wp-json\/wp\/v2\/posts\/12137","targetHints":{"allow":["GET"]}}],"collection":[{"href":"https:\/\/agora.xtec.cat\/ceipmisericordia-reus\/wp-json\/wp\/v2\/posts"}],"about":[{"href":"https:\/\/agora.xtec.cat\/ceipmisericordia-reus\/wp-json\/wp\/v2\/types\/post"}],"author":[{"embeddable":true,"href":"https:\/\/agora.xtec.cat\/ceipmisericordia-reus\/wp-json\/wp\/v2\/users\/4"}],"replies":[{"embeddable":true,"href":"https:\/\/agora.xtec.cat\/ceipmisericordia-reus\/wp-json\/wp\/v2\/comments?post=12137"}],"version-history":[{"count":1,"href":"https:\/\/agora.xtec.cat\/ceipmisericordia-reus\/wp-json\/wp\/v2\/posts\/12137\/revisions"}],"predecessor-version":[{"id":12139,"href":"https:\/\/agora.xtec.cat\/ceipmisericordia-reus\/wp-json\/wp\/v2\/posts\/12137\/revisions\/12139"}],"wp:attachment":[{"href":"https:\/\/agora.xtec.cat\/ceipmisericordia-reus\/wp-json\/wp\/v2\/media?parent=12137"}],"wp:term":[{"taxonomy":"category","embeddable":true,"href":"https:\/\/agora.xtec.cat\/ceipmisericordia-reus\/wp-json\/wp\/v2\/categories?post=12137"},{"taxonomy":"post_tag","embeddable":true,"href":"https:\/\/agora.xtec.cat\/ceipmisericordia-reus\/wp-json\/wp\/v2\/tags?post=12137"}],"curies":[{"name":"wp","href":"https:\/\/api.w.org\/{rel}","templated":true}]}}