{"id":12102,"date":"2026-02-25T10:00:23","date_gmt":"2026-02-25T09:00:23","guid":{"rendered":"https:\/\/agora.xtec.cat\/ceipmisericordia-reus\/?p=12102"},"modified":"2026-02-25T12:44:42","modified_gmt":"2026-02-25T11:44:42","slug":"projecte-maduixa-5e","status":"publish","type":"post","link":"https:\/\/agora.xtec.cat\/ceipmisericordia-reus\/portada\/projecte-maduixa-5e\/","title":{"rendered":"PROJECTE MADUIXES 5\u00e8"},"content":{"rendered":"<p><span style=\"font-weight: 400;\">L\u2019alumnat de cinqu\u00e8 ha participat en una activitat a l\u2019hort de l\u2019escola on han apr\u00e8s d\u2019on prov\u00e9 la maduixa i com es cultiva. Tamb\u00e9 han plantat la seva pr\u00f2pia maduixera en una torreta per poder-la cuidar i veure-la cr\u00e9ixer.<\/span><\/p>\n<p><a href=\"https:\/\/agora.xtec.cat\/ceipmisericordia-reus\/wp-content\/uploads\/usu2066\/2026\/02\/Projecte-maduixa.jpg\"><img loading=\"lazy\" decoding=\"async\" class=\"alignnone size-thumbnail wp-image-12103\" src=\"https:\/\/agora.xtec.cat\/ceipmisericordia-reus\/wp-content\/uploads\/usu2066\/2026\/02\/Projecte-maduixa-150x150.jpg\" alt=\"\" width=\"150\" height=\"150\" \/><\/a><\/p>\n","protected":false},"excerpt":{"rendered":"<p>L\u2019alumnat de cinqu\u00e8 ha participat en una activitat a l\u2019hort de l\u2019escola on han apr\u00e8s d\u2019on prov\u00e9 la maduixa i com es cultiva. Tamb\u00e9 han plantat la seva pr\u00f2pia maduixera en una torreta per poder-la cuidar i veure-la cr\u00e9ixer.<br \/>\n<a href=\"https:\/\/agora.xtec.cat\/ceipmisericordia-reus\/wp-content\/uploads\/usu2066\/2026\/02\/Projecte-maduixa.jpg\"><\/a><\/p>\n","protected":false},"author":1,"featured_media":0,"comment_status":"open","ping_status":"open","sticky":false,"template":"","format":"standard","meta":{"_bbp_topic_count":0,"_bbp_reply_count":0,"_bbp_total_topic_count":0,"_bbp_total_reply_count":0,"_bbp_voice_count":0,"_bbp_anonymous_reply_count":0,"_bbp_topic_count_hidden":0,"_bbp_reply_count_hidden":0,"_bbp_forum_subforum_count":0,"footnotes":""},"categories":[14,91,87,4,5],"tags":[596],"class_list":["post-12102","post","type-post","status-publish","format-standard","hentry","category-5e","category-ed-primaria","category-hort","category-portada","category-primaria","tag-escolamisericordiadereus-escolapublica-projectemaduixa-monmisericordia"],"post_mailing_queue_ids":[],"_links":{"self":[{"href":"https:\/\/agora.xtec.cat\/ceipmisericordia-reus\/wp-json\/wp\/v2\/posts\/12102","targetHints":{"allow":["GET"]}}],"collection":[{"href":"https:\/\/agora.xtec.cat\/ceipmisericordia-reus\/wp-json\/wp\/v2\/posts"}],"about":[{"href":"https:\/\/agora.xtec.cat\/ceipmisericordia-reus\/wp-json\/wp\/v2\/types\/post"}],"author":[{"embeddable":true,"href":"https:\/\/agora.xtec.cat\/ceipmisericordia-reus\/wp-json\/wp\/v2\/users\/1"}],"replies":[{"embeddable":true,"href":"https:\/\/agora.xtec.cat\/ceipmisericordia-reus\/wp-json\/wp\/v2\/comments?post=12102"}],"version-history":[{"count":2,"href":"https:\/\/agora.xtec.cat\/ceipmisericordia-reus\/wp-json\/wp\/v2\/posts\/12102\/revisions"}],"predecessor-version":[{"id":12105,"href":"https:\/\/agora.xtec.cat\/ceipmisericordia-reus\/wp-json\/wp\/v2\/posts\/12102\/revisions\/12105"}],"wp:attachment":[{"href":"https:\/\/agora.xtec.cat\/ceipmisericordia-reus\/wp-json\/wp\/v2\/media?parent=12102"}],"wp:term":[{"taxonomy":"category","embeddable":true,"href":"https:\/\/agora.xtec.cat\/ceipmisericordia-reus\/wp-json\/wp\/v2\/categories?post=12102"},{"taxonomy":"post_tag","embeddable":true,"href":"https:\/\/agora.xtec.cat\/ceipmisericordia-reus\/wp-json\/wp\/v2\/tags?post=12102"}],"curies":[{"name":"wp","href":"https:\/\/api.w.org\/{rel}","templated":true}]}}