{"id":12081,"date":"2026-02-23T16:12:38","date_gmt":"2026-02-23T15:12:38","guid":{"rendered":"https:\/\/agora.xtec.cat\/ceipmisericordia-reus\/?p=12081"},"modified":"2026-02-23T16:12:38","modified_gmt":"2026-02-23T15:12:38","slug":"gust-per-la-lectura","status":"publish","type":"post","link":"https:\/\/agora.xtec.cat\/ceipmisericordia-reus\/general\/gust-per-la-lectura\/","title":{"rendered":"GUST PER LA LECTURA"},"content":{"rendered":"<p>Avui al temps de lectura hem llegit \u201cLa f\u00e0brica d\u2019etiquetes\u201d. Amb aquest hem reflexionat sobre la import\u00e0ncia de no jutjar els altres ni posar-nos l\u00edmits amb etiquetes, i poder ser lliures per descobrir qui som realment. Per aix\u00f2 hem fet volar totes aquelles etiquetes que no ens agraden.<\/p>\n<p><a href=\"https:\/\/agora.xtec.cat\/ceipmisericordia-reus\/wp-content\/uploads\/usu2066\/2026\/02\/IMG_3421_11zon-scaled.jpg\"><img loading=\"lazy\" decoding=\"async\" class=\"alignleft size-large wp-image-12082\" src=\"https:\/\/agora.xtec.cat\/ceipmisericordia-reus\/wp-content\/uploads\/usu2066\/2026\/02\/IMG_3421_11zon-768x1024.jpg\" alt=\"\" width=\"768\" height=\"1024\" srcset=\"https:\/\/agora.xtec.cat\/ceipmisericordia-reus\/wp-content\/uploads\/usu2066\/2026\/02\/IMG_3421_11zon-768x1024.jpg 768w, https:\/\/agora.xtec.cat\/ceipmisericordia-reus\/wp-content\/uploads\/usu2066\/2026\/02\/IMG_3421_11zon-225x300.jpg 225w, https:\/\/agora.xtec.cat\/ceipmisericordia-reus\/wp-content\/uploads\/usu2066\/2026\/02\/IMG_3421_11zon-1152x1536.jpg 1152w, https:\/\/agora.xtec.cat\/ceipmisericordia-reus\/wp-content\/uploads\/usu2066\/2026\/02\/IMG_3421_11zon-1536x2048.jpg 1536w, https:\/\/agora.xtec.cat\/ceipmisericordia-reus\/wp-content\/uploads\/usu2066\/2026\/02\/IMG_3421_11zon-scaled.jpg 1920w\" sizes=\"auto, (max-width: 768px) 100vw, 768px\" \/><\/a><\/p>\n","protected":false},"excerpt":{"rendered":"<p>Avui al temps de lectura hem llegit \u201cLa f\u00e0brica d\u2019etiquetes\u201d. Amb aquest hem reflexionat sobre la import\u00e0ncia de no jutjar els altres ni posar-nos l\u00edmits amb etiquetes, i poder ser lliures per descobrir qui som realment. Per aix\u00f2 hem fet volar totes aquelles etiquetes que&hellip;  <a href=\"https:\/\/agora.xtec.cat\/ceipmisericordia-reus\/general\/gust-per-la-lectura\/\" title=\"Read GUST PER LA LECTURA\">Llegeix m\u00e9s\u00bb<\/a><\/p>\n","protected":false},"author":4,"featured_media":0,"comment_status":"open","ping_status":"open","sticky":false,"template":"","format":"standard","meta":{"_bbp_topic_count":0,"_bbp_reply_count":0,"_bbp_total_topic_count":0,"_bbp_total_reply_count":0,"_bbp_voice_count":0,"_bbp_anonymous_reply_count":0,"_bbp_topic_count_hidden":0,"_bbp_reply_count_hidden":0,"_bbp_forum_subforum_count":0,"footnotes":""},"categories":[11,92,1,4],"tags":[423],"class_list":["post-12081","post","type-post","status-publish","format-standard","hentry","category-2n","category-activitats-al-centre","category-general","category-portada","tag-escolamisericordiadereus-escolapublica-monmisericordia"],"post_mailing_queue_ids":[],"_links":{"self":[{"href":"https:\/\/agora.xtec.cat\/ceipmisericordia-reus\/wp-json\/wp\/v2\/posts\/12081","targetHints":{"allow":["GET"]}}],"collection":[{"href":"https:\/\/agora.xtec.cat\/ceipmisericordia-reus\/wp-json\/wp\/v2\/posts"}],"about":[{"href":"https:\/\/agora.xtec.cat\/ceipmisericordia-reus\/wp-json\/wp\/v2\/types\/post"}],"author":[{"embeddable":true,"href":"https:\/\/agora.xtec.cat\/ceipmisericordia-reus\/wp-json\/wp\/v2\/users\/4"}],"replies":[{"embeddable":true,"href":"https:\/\/agora.xtec.cat\/ceipmisericordia-reus\/wp-json\/wp\/v2\/comments?post=12081"}],"version-history":[{"count":1,"href":"https:\/\/agora.xtec.cat\/ceipmisericordia-reus\/wp-json\/wp\/v2\/posts\/12081\/revisions"}],"predecessor-version":[{"id":12083,"href":"https:\/\/agora.xtec.cat\/ceipmisericordia-reus\/wp-json\/wp\/v2\/posts\/12081\/revisions\/12083"}],"wp:attachment":[{"href":"https:\/\/agora.xtec.cat\/ceipmisericordia-reus\/wp-json\/wp\/v2\/media?parent=12081"}],"wp:term":[{"taxonomy":"category","embeddable":true,"href":"https:\/\/agora.xtec.cat\/ceipmisericordia-reus\/wp-json\/wp\/v2\/categories?post=12081"},{"taxonomy":"post_tag","embeddable":true,"href":"https:\/\/agora.xtec.cat\/ceipmisericordia-reus\/wp-json\/wp\/v2\/tags?post=12081"}],"curies":[{"name":"wp","href":"https:\/\/api.w.org\/{rel}","templated":true}]}}