{"id":12013,"date":"2026-01-27T09:07:32","date_gmt":"2026-01-27T08:07:32","guid":{"rendered":"https:\/\/agora.xtec.cat\/ceipmisericordia-reus\/?p=12013"},"modified":"2026-01-27T09:07:32","modified_gmt":"2026-01-27T08:07:32","slug":"ens-endinsem-en-el-mon-de-la-biblioteca","status":"publish","type":"post","link":"https:\/\/agora.xtec.cat\/ceipmisericordia-reus\/general\/ens-endinsem-en-el-mon-de-la-biblioteca\/","title":{"rendered":"ENS ENDINSEM EN EL M\u00d3N DE LA BIBLIOTECA!"},"content":{"rendered":"<p>La classe de 4t ha pogut endinsar-se en el m\u00f3n dels llibres amb aquesta visita a la Biblioteca Xavier Amor\u00f3s. Hem investigat sobre les fonts d\u2019informaci\u00f3 i hem pogut gaudir d\u2019una activitat grupal en la qual hem xalat!<\/p>\n<p><a href=\"https:\/\/agora.xtec.cat\/ceipmisericordia-reus\/wp-content\/uploads\/usu2066\/2026\/01\/biblioteca-4t.jpg\"><img loading=\"lazy\" decoding=\"async\" class=\"alignleft size-large wp-image-12014\" src=\"https:\/\/agora.xtec.cat\/ceipmisericordia-reus\/wp-content\/uploads\/usu2066\/2026\/01\/biblioteca-4t-683x1024.jpg\" alt=\"\" width=\"683\" height=\"1024\" srcset=\"https:\/\/agora.xtec.cat\/ceipmisericordia-reus\/wp-content\/uploads\/usu2066\/2026\/01\/biblioteca-4t-683x1024.jpg 683w, https:\/\/agora.xtec.cat\/ceipmisericordia-reus\/wp-content\/uploads\/usu2066\/2026\/01\/biblioteca-4t-200x300.jpg 200w, https:\/\/agora.xtec.cat\/ceipmisericordia-reus\/wp-content\/uploads\/usu2066\/2026\/01\/biblioteca-4t-768x1152.jpg 768w, https:\/\/agora.xtec.cat\/ceipmisericordia-reus\/wp-content\/uploads\/usu2066\/2026\/01\/biblioteca-4t-1024x1536.jpg 1024w, https:\/\/agora.xtec.cat\/ceipmisericordia-reus\/wp-content\/uploads\/usu2066\/2026\/01\/biblioteca-4t.jpg 1333w\" sizes=\"auto, (max-width: 683px) 100vw, 683px\" \/><\/a><\/p>\n","protected":false},"excerpt":{"rendered":"<p>La classe de 4t ha pogut endinsar-se en el m\u00f3n dels llibres amb aquesta visita a la Biblioteca Xavier Amor\u00f3s. Hem investigat sobre les fonts d\u2019informaci\u00f3 i hem pogut gaudir d\u2019una activitat grupal en la qual hem xalat!<br \/>\n<a href=\"https:\/\/agora.xtec.cat\/ceipmisericordia-reus\/wp-content\/uploads\/usu2066\/2026\/01\/biblioteca-4t.jpg\"><\/a><\/p>\n","protected":false},"author":4,"featured_media":0,"comment_status":"open","ping_status":"open","sticky":false,"template":"","format":"standard","meta":{"_bbp_topic_count":0,"_bbp_reply_count":0,"_bbp_total_topic_count":0,"_bbp_total_reply_count":0,"_bbp_voice_count":0,"_bbp_anonymous_reply_count":0,"_bbp_topic_count_hidden":0,"_bbp_reply_count_hidden":0,"_bbp_forum_subforum_count":0,"footnotes":""},"categories":[13,77,1,4],"tags":[589],"class_list":["post-12013","post","type-post","status-publish","format-standard","hentry","category-4t","category-biblioteca","category-general","category-portada","tag-escolamisericordiadereus-escolapublica-bibliotecapublica-bibliotecaxavieramoros-monmisericordia"],"post_mailing_queue_ids":[],"_links":{"self":[{"href":"https:\/\/agora.xtec.cat\/ceipmisericordia-reus\/wp-json\/wp\/v2\/posts\/12013","targetHints":{"allow":["GET"]}}],"collection":[{"href":"https:\/\/agora.xtec.cat\/ceipmisericordia-reus\/wp-json\/wp\/v2\/posts"}],"about":[{"href":"https:\/\/agora.xtec.cat\/ceipmisericordia-reus\/wp-json\/wp\/v2\/types\/post"}],"author":[{"embeddable":true,"href":"https:\/\/agora.xtec.cat\/ceipmisericordia-reus\/wp-json\/wp\/v2\/users\/4"}],"replies":[{"embeddable":true,"href":"https:\/\/agora.xtec.cat\/ceipmisericordia-reus\/wp-json\/wp\/v2\/comments?post=12013"}],"version-history":[{"count":1,"href":"https:\/\/agora.xtec.cat\/ceipmisericordia-reus\/wp-json\/wp\/v2\/posts\/12013\/revisions"}],"predecessor-version":[{"id":12015,"href":"https:\/\/agora.xtec.cat\/ceipmisericordia-reus\/wp-json\/wp\/v2\/posts\/12013\/revisions\/12015"}],"wp:attachment":[{"href":"https:\/\/agora.xtec.cat\/ceipmisericordia-reus\/wp-json\/wp\/v2\/media?parent=12013"}],"wp:term":[{"taxonomy":"category","embeddable":true,"href":"https:\/\/agora.xtec.cat\/ceipmisericordia-reus\/wp-json\/wp\/v2\/categories?post=12013"},{"taxonomy":"post_tag","embeddable":true,"href":"https:\/\/agora.xtec.cat\/ceipmisericordia-reus\/wp-json\/wp\/v2\/tags?post=12013"}],"curies":[{"name":"wp","href":"https:\/\/api.w.org\/{rel}","templated":true}]}}