{"id":11965,"date":"2025-12-19T12:32:48","date_gmt":"2025-12-19T11:32:48","guid":{"rendered":"https:\/\/agora.xtec.cat\/ceipmisericordia-reus\/?p=11965"},"modified":"2025-12-19T12:32:48","modified_gmt":"2025-12-19T11:32:48","slug":"el-tio","status":"publish","type":"post","link":"https:\/\/agora.xtec.cat\/ceipmisericordia-reus\/general\/el-tio\/","title":{"rendered":"EL TI\u00d3"},"content":{"rendered":"<p>\ud83c\udf84\u2728 A l\u2019Escola Miseric\u00f2rdia ja hem fet cagar el Ti\u00f3! \u2728\ud83c\udf84<br \/>\nCan\u00e7ons, rialles, bastonades ben fortes i molta il\u00b7lusi\u00f3\u2026 i el Ti\u00f3 ens ha sorpr\u00e8s amb un munt de regals! \ud83c\udf81\ud83e\udd70<br \/>\nUn mat\u00ed ple de m\u00e0gia que ens fa sentir que el Nadal ja \u00e9s aqu\u00ed.<\/p>\n<p><a href=\"https:\/\/agora.xtec.cat\/ceipmisericordia-reus\/wp-content\/uploads\/usu2066\/2025\/12\/WhatsApp-Image-2025-12-19-at-12.25.48.jpeg\"><img loading=\"lazy\" decoding=\"async\" class=\"alignleft size-large wp-image-11966\" src=\"https:\/\/agora.xtec.cat\/ceipmisericordia-reus\/wp-content\/uploads\/usu2066\/2025\/12\/WhatsApp-Image-2025-12-19-at-12.25.48-768x1024.jpeg\" alt=\"\" width=\"768\" height=\"1024\" srcset=\"https:\/\/agora.xtec.cat\/ceipmisericordia-reus\/wp-content\/uploads\/usu2066\/2025\/12\/WhatsApp-Image-2025-12-19-at-12.25.48-768x1024.jpeg 768w, https:\/\/agora.xtec.cat\/ceipmisericordia-reus\/wp-content\/uploads\/usu2066\/2025\/12\/WhatsApp-Image-2025-12-19-at-12.25.48-225x300.jpeg 225w, https:\/\/agora.xtec.cat\/ceipmisericordia-reus\/wp-content\/uploads\/usu2066\/2025\/12\/WhatsApp-Image-2025-12-19-at-12.25.48-1152x1536.jpeg 1152w, https:\/\/agora.xtec.cat\/ceipmisericordia-reus\/wp-content\/uploads\/usu2066\/2025\/12\/WhatsApp-Image-2025-12-19-at-12.25.48.jpeg 1200w\" sizes=\"auto, (max-width: 768px) 100vw, 768px\" \/><\/a><\/p>\n","protected":false},"excerpt":{"rendered":"<p>\ud83c\udf84\u2728 A l\u2019Escola Miseric\u00f2rdia ja hem fet cagar el Ti\u00f3! \u2728\ud83c\udf84<br \/>\nCan\u00e7ons, rialles, bastonades ben fortes i molta il\u00b7lusi\u00f3\u2026 i el Ti\u00f3 ens ha sorpr\u00e8s amb un munt de regals! \ud83c\udf81\ud83e\udd70<br \/>\nUn mat\u00ed ple de m\u00e0gia que ens fa sentir que el Nadal ja \u00e9s aqu\u00ed.<br \/>\n<a href=\"https:\/\/agora.xtec.cat\/ceipmisericordia-reus\/wp-content\/uploads\/usu2066\/2025\/12\/WhatsApp-Image-2025-12-19-at-12.25.48.jpeg\"><\/a><\/p>\n","protected":false},"author":4,"featured_media":0,"comment_status":"open","ping_status":"open","sticky":false,"template":"","format":"standard","meta":{"_bbp_topic_count":0,"_bbp_reply_count":0,"_bbp_total_topic_count":0,"_bbp_total_reply_count":0,"_bbp_voice_count":0,"_bbp_anonymous_reply_count":0,"_bbp_topic_count_hidden":0,"_bbp_reply_count_hidden":0,"_bbp_forum_subforum_count":0,"footnotes":""},"categories":[92,90,91,76,108,1,4],"tags":[584],"class_list":["post-11965","post","type-post","status-publish","format-standard","hentry","category-activitats-al-centre","category-ed-infantil","category-ed-primaria","category-festes","category-festes-i-tradicions-populars","category-general","category-portada","tag-femcagareltio-escolamisericordia-nadalalaescola-tradicionscatalanes-illusio-monmisericordia"],"post_mailing_queue_ids":[],"_links":{"self":[{"href":"https:\/\/agora.xtec.cat\/ceipmisericordia-reus\/wp-json\/wp\/v2\/posts\/11965","targetHints":{"allow":["GET"]}}],"collection":[{"href":"https:\/\/agora.xtec.cat\/ceipmisericordia-reus\/wp-json\/wp\/v2\/posts"}],"about":[{"href":"https:\/\/agora.xtec.cat\/ceipmisericordia-reus\/wp-json\/wp\/v2\/types\/post"}],"author":[{"embeddable":true,"href":"https:\/\/agora.xtec.cat\/ceipmisericordia-reus\/wp-json\/wp\/v2\/users\/4"}],"replies":[{"embeddable":true,"href":"https:\/\/agora.xtec.cat\/ceipmisericordia-reus\/wp-json\/wp\/v2\/comments?post=11965"}],"version-history":[{"count":1,"href":"https:\/\/agora.xtec.cat\/ceipmisericordia-reus\/wp-json\/wp\/v2\/posts\/11965\/revisions"}],"predecessor-version":[{"id":11967,"href":"https:\/\/agora.xtec.cat\/ceipmisericordia-reus\/wp-json\/wp\/v2\/posts\/11965\/revisions\/11967"}],"wp:attachment":[{"href":"https:\/\/agora.xtec.cat\/ceipmisericordia-reus\/wp-json\/wp\/v2\/media?parent=11965"}],"wp:term":[{"taxonomy":"category","embeddable":true,"href":"https:\/\/agora.xtec.cat\/ceipmisericordia-reus\/wp-json\/wp\/v2\/categories?post=11965"},{"taxonomy":"post_tag","embeddable":true,"href":"https:\/\/agora.xtec.cat\/ceipmisericordia-reus\/wp-json\/wp\/v2\/tags?post=11965"}],"curies":[{"name":"wp","href":"https:\/\/api.w.org\/{rel}","templated":true}]}}