{"id":11841,"date":"2025-11-04T14:54:29","date_gmt":"2025-11-04T13:54:29","guid":{"rendered":"https:\/\/agora.xtec.cat\/ceipmisericordia-reus\/?p=11841"},"modified":"2025-11-04T14:54:29","modified_gmt":"2025-11-04T13:54:29","slug":"gep-agramograf","status":"publish","type":"post","link":"https:\/\/agora.xtec.cat\/ceipmisericordia-reus\/general\/gep-agramograf\/","title":{"rendered":"GEP &#8211; AGRAMOGRAF"},"content":{"rendered":"<p>Amb el GEP, treballem continguts d\u2019\u00e0rees no ling\u00fc\u00edstiques en angl\u00e8s. En aquesta ocasi\u00f3 preparem un agramograf per a treballar-ho com a contingut de pl\u00e0stica en angl\u00e8s. Acompanya la manualitat un petit text instructiu, en angl\u00e8s.<\/p>\n<p><a href=\"https:\/\/agora.xtec.cat\/ceipmisericordia-reus\/wp-content\/uploads\/usu2066\/2025\/11\/Imatge-de-WhatsApp-2025-11-04-a-les-14.53.25_8445cb15.jpg\"><img loading=\"lazy\" decoding=\"async\" class=\"alignleft size-large wp-image-11842\" src=\"https:\/\/agora.xtec.cat\/ceipmisericordia-reus\/wp-content\/uploads\/usu2066\/2025\/11\/Imatge-de-WhatsApp-2025-11-04-a-les-14.53.25_8445cb15-1024x771.jpg\" alt=\"\" width=\"1024\" height=\"771\" srcset=\"https:\/\/agora.xtec.cat\/ceipmisericordia-reus\/wp-content\/uploads\/usu2066\/2025\/11\/Imatge-de-WhatsApp-2025-11-04-a-les-14.53.25_8445cb15-1024x771.jpg 1024w, https:\/\/agora.xtec.cat\/ceipmisericordia-reus\/wp-content\/uploads\/usu2066\/2025\/11\/Imatge-de-WhatsApp-2025-11-04-a-les-14.53.25_8445cb15-300x226.jpg 300w, https:\/\/agora.xtec.cat\/ceipmisericordia-reus\/wp-content\/uploads\/usu2066\/2025\/11\/Imatge-de-WhatsApp-2025-11-04-a-les-14.53.25_8445cb15-768x578.jpg 768w, https:\/\/agora.xtec.cat\/ceipmisericordia-reus\/wp-content\/uploads\/usu2066\/2025\/11\/Imatge-de-WhatsApp-2025-11-04-a-les-14.53.25_8445cb15-1536x1156.jpg 1536w, https:\/\/agora.xtec.cat\/ceipmisericordia-reus\/wp-content\/uploads\/usu2066\/2025\/11\/Imatge-de-WhatsApp-2025-11-04-a-les-14.53.25_8445cb15-200x150.jpg 200w, https:\/\/agora.xtec.cat\/ceipmisericordia-reus\/wp-content\/uploads\/usu2066\/2025\/11\/Imatge-de-WhatsApp-2025-11-04-a-les-14.53.25_8445cb15.jpg 1600w\" sizes=\"auto, (max-width: 1024px) 100vw, 1024px\" \/><\/a><\/p>\n","protected":false},"excerpt":{"rendered":"<p>Amb el GEP, treballem continguts d\u2019\u00e0rees no ling\u00fc\u00edstiques en angl\u00e8s. En aquesta ocasi\u00f3 preparem un agramograf per a treballar-ho com a contingut de pl\u00e0stica en angl\u00e8s. Acompanya la manualitat un petit text instructiu, en angl\u00e8s.<br \/>\n<a href=\"https:\/\/agora.xtec.cat\/ceipmisericordia-reus\/wp-content\/uploads\/usu2066\/2025\/11\/Imatge-de-WhatsApp-2025-11-04-a-les-14.53.25_8445cb15.jpg\"><\/a><\/p>\n","protected":false},"author":4,"featured_media":0,"comment_status":"open","ping_status":"open","sticky":false,"template":"","format":"standard","meta":{"_bbp_topic_count":0,"_bbp_reply_count":0,"_bbp_total_topic_count":0,"_bbp_total_reply_count":0,"_bbp_voice_count":0,"_bbp_anonymous_reply_count":0,"_bbp_topic_count_hidden":0,"_bbp_reply_count_hidden":0,"_bbp_forum_subforum_count":0,"footnotes":""},"categories":[92,84,1,66,4],"tags":[439],"class_list":["post-11841","post","type-post","status-publish","format-standard","hentry","category-activitats-al-centre","category-angles","category-general","category-gep","category-portada","tag-escolamisericordiadereus-escolapublica-gep-monmisericordia"],"post_mailing_queue_ids":[],"_links":{"self":[{"href":"https:\/\/agora.xtec.cat\/ceipmisericordia-reus\/wp-json\/wp\/v2\/posts\/11841","targetHints":{"allow":["GET"]}}],"collection":[{"href":"https:\/\/agora.xtec.cat\/ceipmisericordia-reus\/wp-json\/wp\/v2\/posts"}],"about":[{"href":"https:\/\/agora.xtec.cat\/ceipmisericordia-reus\/wp-json\/wp\/v2\/types\/post"}],"author":[{"embeddable":true,"href":"https:\/\/agora.xtec.cat\/ceipmisericordia-reus\/wp-json\/wp\/v2\/users\/4"}],"replies":[{"embeddable":true,"href":"https:\/\/agora.xtec.cat\/ceipmisericordia-reus\/wp-json\/wp\/v2\/comments?post=11841"}],"version-history":[{"count":1,"href":"https:\/\/agora.xtec.cat\/ceipmisericordia-reus\/wp-json\/wp\/v2\/posts\/11841\/revisions"}],"predecessor-version":[{"id":11843,"href":"https:\/\/agora.xtec.cat\/ceipmisericordia-reus\/wp-json\/wp\/v2\/posts\/11841\/revisions\/11843"}],"wp:attachment":[{"href":"https:\/\/agora.xtec.cat\/ceipmisericordia-reus\/wp-json\/wp\/v2\/media?parent=11841"}],"wp:term":[{"taxonomy":"category","embeddable":true,"href":"https:\/\/agora.xtec.cat\/ceipmisericordia-reus\/wp-json\/wp\/v2\/categories?post=11841"},{"taxonomy":"post_tag","embeddable":true,"href":"https:\/\/agora.xtec.cat\/ceipmisericordia-reus\/wp-json\/wp\/v2\/tags?post=11841"}],"curies":[{"name":"wp","href":"https:\/\/api.w.org\/{rel}","templated":true}]}}