{"id":11828,"date":"2025-10-30T09:58:23","date_gmt":"2025-10-30T08:58:23","guid":{"rendered":"https:\/\/agora.xtec.cat\/ceipmisericordia-reus\/?p=11828"},"modified":"2025-10-30T09:58:23","modified_gmt":"2025-10-30T08:58:23","slug":"la-classe-del-telefon-mobil","status":"publish","type":"post","link":"https:\/\/agora.xtec.cat\/ceipmisericordia-reus\/general\/la-classe-del-telefon-mobil\/","title":{"rendered":"LA CLASSE DEL TEL\u00c8FON M\u00d2BIL"},"content":{"rendered":"<p>AULA DIGITAL &#8211; LA CLASSE DEL TEL\u00c8FON M\u00d2BIL<\/p>\n<p><iframe loading=\"lazy\" title=\"LA CLASSE DEL TEL\u00c8FON M\u00d2BIL\" width=\"500\" height=\"281\" src=\"https:\/\/www.youtube.com\/embed\/ovVLzCdEphg?feature=oembed\" frameborder=\"0\" allow=\"accelerometer; autoplay; clipboard-write; encrypted-media; gyroscope; picture-in-picture; web-share\" referrerpolicy=\"strict-origin-when-cross-origin\" allowfullscreen><\/iframe><\/p>\n","protected":false},"excerpt":{"rendered":"<p>AULA DIGITAL &#8211; LA CLASSE DEL TEL\u00c8FON M\u00d2BIL<\/p>\n","protected":false},"author":4,"featured_media":0,"comment_status":"open","ping_status":"open","sticky":false,"template":"","format":"standard","meta":{"_bbp_topic_count":0,"_bbp_reply_count":0,"_bbp_total_topic_count":0,"_bbp_total_reply_count":0,"_bbp_voice_count":0,"_bbp_anonymous_reply_count":0,"_bbp_topic_count_hidden":0,"_bbp_reply_count_hidden":0,"_bbp_forum_subforum_count":0,"footnotes":""},"categories":[92,508,1,4],"tags":[],"class_list":["post-11828","post","type-post","status-publish","format-standard","hentry","category-activitats-al-centre","category-ara-parem","category-general","category-portada"],"post_mailing_queue_ids":[],"_links":{"self":[{"href":"https:\/\/agora.xtec.cat\/ceipmisericordia-reus\/wp-json\/wp\/v2\/posts\/11828","targetHints":{"allow":["GET"]}}],"collection":[{"href":"https:\/\/agora.xtec.cat\/ceipmisericordia-reus\/wp-json\/wp\/v2\/posts"}],"about":[{"href":"https:\/\/agora.xtec.cat\/ceipmisericordia-reus\/wp-json\/wp\/v2\/types\/post"}],"author":[{"embeddable":true,"href":"https:\/\/agora.xtec.cat\/ceipmisericordia-reus\/wp-json\/wp\/v2\/users\/4"}],"replies":[{"embeddable":true,"href":"https:\/\/agora.xtec.cat\/ceipmisericordia-reus\/wp-json\/wp\/v2\/comments?post=11828"}],"version-history":[{"count":1,"href":"https:\/\/agora.xtec.cat\/ceipmisericordia-reus\/wp-json\/wp\/v2\/posts\/11828\/revisions"}],"predecessor-version":[{"id":11829,"href":"https:\/\/agora.xtec.cat\/ceipmisericordia-reus\/wp-json\/wp\/v2\/posts\/11828\/revisions\/11829"}],"wp:attachment":[{"href":"https:\/\/agora.xtec.cat\/ceipmisericordia-reus\/wp-json\/wp\/v2\/media?parent=11828"}],"wp:term":[{"taxonomy":"category","embeddable":true,"href":"https:\/\/agora.xtec.cat\/ceipmisericordia-reus\/wp-json\/wp\/v2\/categories?post=11828"},{"taxonomy":"post_tag","embeddable":true,"href":"https:\/\/agora.xtec.cat\/ceipmisericordia-reus\/wp-json\/wp\/v2\/tags?post=11828"}],"curies":[{"name":"wp","href":"https:\/\/api.w.org\/{rel}","templated":true}]}}