{"id":11743,"date":"2025-10-15T09:16:17","date_gmt":"2025-10-15T07:16:17","guid":{"rendered":"https:\/\/agora.xtec.cat\/ceipmisericordia-reus\/?p=11743"},"modified":"2025-10-15T09:16:17","modified_gmt":"2025-10-15T07:16:17","slug":"happy-world-animal-day","status":"publish","type":"post","link":"https:\/\/agora.xtec.cat\/ceipmisericordia-reus\/general\/happy-world-animal-day\/","title":{"rendered":"HAPPY WORLD ANIMAL DAY!"},"content":{"rendered":"<p>El dia 4 d\u2019octubre es va celebrar el dia mundial dels animals i l\u2019alumnat de 3r ho hem celebrat fent una fitxa did\u00e0ctica del nostre animal preferit; com \u00e9s?, qu\u00e8 menja?, on viu? s\u00f3n algunes de les preguntes que hem treballat i aquest \u00e9s el resultat.<\/p>\n<p><a href=\"https:\/\/agora.xtec.cat\/ceipmisericordia-reus\/wp-content\/uploads\/usu2066\/2025\/10\/GEP-HAPPY-WORLD-ANIMAL-DAY_11zon-scaled.jpg\"><img loading=\"lazy\" decoding=\"async\" class=\"alignleft size-large wp-image-11744\" src=\"https:\/\/agora.xtec.cat\/ceipmisericordia-reus\/wp-content\/uploads\/usu2066\/2025\/10\/GEP-HAPPY-WORLD-ANIMAL-DAY_11zon-1024x981.jpg\" alt=\"\" width=\"1024\" height=\"981\" srcset=\"https:\/\/agora.xtec.cat\/ceipmisericordia-reus\/wp-content\/uploads\/usu2066\/2025\/10\/GEP-HAPPY-WORLD-ANIMAL-DAY_11zon-1024x981.jpg 1024w, https:\/\/agora.xtec.cat\/ceipmisericordia-reus\/wp-content\/uploads\/usu2066\/2025\/10\/GEP-HAPPY-WORLD-ANIMAL-DAY_11zon-300x288.jpg 300w, https:\/\/agora.xtec.cat\/ceipmisericordia-reus\/wp-content\/uploads\/usu2066\/2025\/10\/GEP-HAPPY-WORLD-ANIMAL-DAY_11zon-768x736.jpg 768w, https:\/\/agora.xtec.cat\/ceipmisericordia-reus\/wp-content\/uploads\/usu2066\/2025\/10\/GEP-HAPPY-WORLD-ANIMAL-DAY_11zon-1536x1472.jpg 1536w, https:\/\/agora.xtec.cat\/ceipmisericordia-reus\/wp-content\/uploads\/usu2066\/2025\/10\/GEP-HAPPY-WORLD-ANIMAL-DAY_11zon-2048x1963.jpg 2048w\" sizes=\"auto, (max-width: 1024px) 100vw, 1024px\" \/><\/a><\/p>\n","protected":false},"excerpt":{"rendered":"<p>El dia 4 d\u2019octubre es va celebrar el dia mundial dels animals i l\u2019alumnat de 3r ho hem celebrat fent una fitxa did\u00e0ctica del nostre animal preferit; com \u00e9s?, qu\u00e8 menja?, on viu? s\u00f3n algunes de les preguntes que hem treballat i aquest \u00e9s el&hellip;  <a href=\"https:\/\/agora.xtec.cat\/ceipmisericordia-reus\/general\/happy-world-animal-day\/\" title=\"Read HAPPY WORLD ANIMAL DAY!\">Llegeix m\u00e9s\u00bb<\/a><\/p>\n","protected":false},"author":4,"featured_media":0,"comment_status":"open","ping_status":"open","sticky":false,"template":"","format":"standard","meta":{"_bbp_topic_count":0,"_bbp_reply_count":0,"_bbp_total_topic_count":0,"_bbp_total_reply_count":0,"_bbp_voice_count":0,"_bbp_anonymous_reply_count":0,"_bbp_topic_count_hidden":0,"_bbp_reply_count_hidden":0,"_bbp_forum_subforum_count":0,"footnotes":""},"categories":[92,1,66,4],"tags":[524],"class_list":["post-11743","post","type-post","status-publish","format-standard","hentry","category-activitats-al-centre","category-general","category-gep","category-portada","tag-escolamisericordiadereus-escolapublica-gep-angles-monmisericordia"],"post_mailing_queue_ids":[],"_links":{"self":[{"href":"https:\/\/agora.xtec.cat\/ceipmisericordia-reus\/wp-json\/wp\/v2\/posts\/11743","targetHints":{"allow":["GET"]}}],"collection":[{"href":"https:\/\/agora.xtec.cat\/ceipmisericordia-reus\/wp-json\/wp\/v2\/posts"}],"about":[{"href":"https:\/\/agora.xtec.cat\/ceipmisericordia-reus\/wp-json\/wp\/v2\/types\/post"}],"author":[{"embeddable":true,"href":"https:\/\/agora.xtec.cat\/ceipmisericordia-reus\/wp-json\/wp\/v2\/users\/4"}],"replies":[{"embeddable":true,"href":"https:\/\/agora.xtec.cat\/ceipmisericordia-reus\/wp-json\/wp\/v2\/comments?post=11743"}],"version-history":[{"count":1,"href":"https:\/\/agora.xtec.cat\/ceipmisericordia-reus\/wp-json\/wp\/v2\/posts\/11743\/revisions"}],"predecessor-version":[{"id":11745,"href":"https:\/\/agora.xtec.cat\/ceipmisericordia-reus\/wp-json\/wp\/v2\/posts\/11743\/revisions\/11745"}],"wp:attachment":[{"href":"https:\/\/agora.xtec.cat\/ceipmisericordia-reus\/wp-json\/wp\/v2\/media?parent=11743"}],"wp:term":[{"taxonomy":"category","embeddable":true,"href":"https:\/\/agora.xtec.cat\/ceipmisericordia-reus\/wp-json\/wp\/v2\/categories?post=11743"},{"taxonomy":"post_tag","embeddable":true,"href":"https:\/\/agora.xtec.cat\/ceipmisericordia-reus\/wp-json\/wp\/v2\/tags?post=11743"}],"curies":[{"name":"wp","href":"https:\/\/api.w.org\/{rel}","templated":true}]}}