{"id":11435,"date":"2025-06-19T18:46:25","date_gmt":"2025-06-19T16:46:25","guid":{"rendered":"https:\/\/agora.xtec.cat\/ceipmisericordia-reus\/?p=11435"},"modified":"2025-06-19T18:46:25","modified_gmt":"2025-06-19T16:46:25","slug":"lart-dels-escacs","status":"publish","type":"post","link":"https:\/\/agora.xtec.cat\/ceipmisericordia-reus\/portada\/lart-dels-escacs\/","title":{"rendered":"L\u2019ART DELS ESCACS!"},"content":{"rendered":"<p>Durant el 2n i 3r trimestre els infants de Cicle Inicial s\u2019han submergit en el fascinant univers dels escacs, no nom\u00e9s com a joc, sin\u00f3 tamb\u00e9 com una eina educativa que fomenta el desenvolupament de diverses habilitats i valors.<\/p>\n<p>A trav\u00e9s de pr\u00e0ctiques din\u00e0miques han treballat petites estrat\u00e8gies de joc i han aplicat els conceptes apresos. Tamb\u00e9, paral\u00b7lelament, han expressat la seva creativitat art\u00edstica, fent diverses propostes com: identificar i pintar les peces i l\u2019escaquer, confeccionar i muntar el dau de les peces dels escacs, crear el seu propi escaquer i el sobre per guardar-lo. Aquesta experi\u00e8ncia ha estat una combinaci\u00f3 de concentraci\u00f3, expressi\u00f3 i reflexi\u00f3 conjunta sobre el m\u00f3n dels escacs. No nom\u00e9s ha perm\u00e8s enriquir l\u2019aprenentatge cognitiu, sin\u00f3 que tamb\u00e9 ha donat una nova forma de veure el m\u00f3n i enfortir valors com el treball en equip, el respecte i la disciplina, el pensament cr\u00edtic i l\u2019estrat\u00e8gia i l\u2019autoconeixement.<\/p>\n<p>Podem concloure que els escacs s\u00f3n una forma de crear, aprendre i cr\u00e9ixer, on cada moviment \u00e9s una obra d\u2019art en si mateixa. <span class=\"x1xsqp64 xiy17q3 x1o6pynw x19co3pv xdj266r xjn30re xat24cr x1hb08if x2b8uid\" data-testid=\"emoji\"><span class=\"xexx8yu xcaqkgz x18d9i69 xbwkkl7 x3jgonx x1bhl96m\">\ud83c\udfa8<\/span><\/span><span class=\"x1xsqp64 xiy17q3 x1o6pynw x19co3pv xdj266r xjn30re xat24cr x1hb08if x2b8uid\" data-testid=\"emoji\"><span class=\"xexx8yu xcaqkgz x18d9i69 xbwkkl7 x3jgonx x1bhl96m\">\u265f\ufe0f<\/span><\/span><br \/>\n<a href=\"https:\/\/agora.xtec.cat\/ceipmisericordia-reus\/wp-content\/uploads\/usu2066\/2025\/06\/ESCACS-I-ART.jpg\"><img loading=\"lazy\" decoding=\"async\" class=\"alignleft size-large wp-image-11436\" src=\"https:\/\/agora.xtec.cat\/ceipmisericordia-reus\/wp-content\/uploads\/usu2066\/2025\/06\/ESCACS-I-ART-724x1024.jpg\" alt=\"\" width=\"724\" height=\"1024\" srcset=\"https:\/\/agora.xtec.cat\/ceipmisericordia-reus\/wp-content\/uploads\/usu2066\/2025\/06\/ESCACS-I-ART-724x1024.jpg 724w, https:\/\/agora.xtec.cat\/ceipmisericordia-reus\/wp-content\/uploads\/usu2066\/2025\/06\/ESCACS-I-ART-212x300.jpg 212w, https:\/\/agora.xtec.cat\/ceipmisericordia-reus\/wp-content\/uploads\/usu2066\/2025\/06\/ESCACS-I-ART-768x1086.jpg 768w, https:\/\/agora.xtec.cat\/ceipmisericordia-reus\/wp-content\/uploads\/usu2066\/2025\/06\/ESCACS-I-ART-1086x1536.jpg 1086w, https:\/\/agora.xtec.cat\/ceipmisericordia-reus\/wp-content\/uploads\/usu2066\/2025\/06\/ESCACS-I-ART-1448x2048.jpg 1448w, https:\/\/agora.xtec.cat\/ceipmisericordia-reus\/wp-content\/uploads\/usu2066\/2025\/06\/ESCACS-I-ART.jpg 1587w\" sizes=\"auto, (max-width: 724px) 100vw, 724px\" \/><\/a><\/p>\n","protected":false},"excerpt":{"rendered":"<p>Durant el 2n i 3r trimestre els infants de Cicle Inicial s\u2019han submergit en el fascinant univers dels escacs, no nom\u00e9s com a joc, sin\u00f3 tamb\u00e9 com una eina educativa que fomenta el desenvolupament de diverses habilitats i valors.<br \/>\nA trav\u00e9s de pr\u00e0ctiques din\u00e0miques han treballat&hellip;  <a href=\"https:\/\/agora.xtec.cat\/ceipmisericordia-reus\/portada\/lart-dels-escacs\/\" title=\"Read L\u2019ART DELS ESCACS!\">Llegeix m\u00e9s\u00bb<\/a><\/p>\n","protected":false},"author":4,"featured_media":0,"comment_status":"open","ping_status":"open","sticky":false,"template":"","format":"standard","meta":{"_bbp_topic_count":0,"_bbp_reply_count":0,"_bbp_total_topic_count":0,"_bbp_total_reply_count":0,"_bbp_voice_count":0,"_bbp_anonymous_reply_count":0,"_bbp_topic_count_hidden":0,"_bbp_reply_count_hidden":0,"_bbp_forum_subforum_count":0,"footnotes":""},"categories":[74,91,4],"tags":[501,305,314,557,125,218,236],"class_list":["post-11435","post","type-post","status-publish","format-standard","hentry","category-cicle-inicial","category-ed-primaria","category-portada","tag-ambients","tag-artistica","tag-cicleinicial","tag-escacs","tag-escolamisericordiadereus","tag-escolapublica","tag-monmisericordia"],"post_mailing_queue_ids":[],"_links":{"self":[{"href":"https:\/\/agora.xtec.cat\/ceipmisericordia-reus\/wp-json\/wp\/v2\/posts\/11435","targetHints":{"allow":["GET"]}}],"collection":[{"href":"https:\/\/agora.xtec.cat\/ceipmisericordia-reus\/wp-json\/wp\/v2\/posts"}],"about":[{"href":"https:\/\/agora.xtec.cat\/ceipmisericordia-reus\/wp-json\/wp\/v2\/types\/post"}],"author":[{"embeddable":true,"href":"https:\/\/agora.xtec.cat\/ceipmisericordia-reus\/wp-json\/wp\/v2\/users\/4"}],"replies":[{"embeddable":true,"href":"https:\/\/agora.xtec.cat\/ceipmisericordia-reus\/wp-json\/wp\/v2\/comments?post=11435"}],"version-history":[{"count":1,"href":"https:\/\/agora.xtec.cat\/ceipmisericordia-reus\/wp-json\/wp\/v2\/posts\/11435\/revisions"}],"predecessor-version":[{"id":11437,"href":"https:\/\/agora.xtec.cat\/ceipmisericordia-reus\/wp-json\/wp\/v2\/posts\/11435\/revisions\/11437"}],"wp:attachment":[{"href":"https:\/\/agora.xtec.cat\/ceipmisericordia-reus\/wp-json\/wp\/v2\/media?parent=11435"}],"wp:term":[{"taxonomy":"category","embeddable":true,"href":"https:\/\/agora.xtec.cat\/ceipmisericordia-reus\/wp-json\/wp\/v2\/categories?post=11435"},{"taxonomy":"post_tag","embeddable":true,"href":"https:\/\/agora.xtec.cat\/ceipmisericordia-reus\/wp-json\/wp\/v2\/tags?post=11435"}],"curies":[{"name":"wp","href":"https:\/\/api.w.org\/{rel}","templated":true}]}}