{"id":11428,"date":"2025-06-18T14:14:16","date_gmt":"2025-06-18T12:14:16","guid":{"rendered":"https:\/\/agora.xtec.cat\/ceipmisericordia-reus\/?p=11428"},"modified":"2025-06-19T19:43:37","modified_gmt":"2025-06-19T17:43:37","slug":"anem-al-salting-2","status":"publish","type":"post","link":"https:\/\/agora.xtec.cat\/ceipmisericordia-reus\/portada\/anem-al-salting-2\/","title":{"rendered":"ANEM AL SALTING!"},"content":{"rendered":"<p>L&#8217;alumnat de Cicle Mitj\u00e0 ha gaudit d&#8217;un mat\u00ed molt divertit i ple d&#8217;energia al Salting. Qu\u00e8 b\u00e9 ens ho hem\u00a0 passat!! <a href=\"https:\/\/agora.xtec.cat\/ceipmisericordia-reus\/wp-content\/uploads\/usu2066\/2025\/06\/1-2-scaled.jpg\"><img loading=\"lazy\" decoding=\"async\" class=\"alignleft size-large wp-image-11429\" src=\"https:\/\/agora.xtec.cat\/ceipmisericordia-reus\/wp-content\/uploads\/usu2066\/2025\/06\/1-2-473x1024.jpg\" alt=\"\" width=\"473\" height=\"1024\" srcset=\"https:\/\/agora.xtec.cat\/ceipmisericordia-reus\/wp-content\/uploads\/usu2066\/2025\/06\/1-2-473x1024.jpg 473w, https:\/\/agora.xtec.cat\/ceipmisericordia-reus\/wp-content\/uploads\/usu2066\/2025\/06\/1-2-139x300.jpg 139w, https:\/\/agora.xtec.cat\/ceipmisericordia-reus\/wp-content\/uploads\/usu2066\/2025\/06\/1-2-768x1663.jpg 768w, https:\/\/agora.xtec.cat\/ceipmisericordia-reus\/wp-content\/uploads\/usu2066\/2025\/06\/1-2-710x1536.jpg 710w, https:\/\/agora.xtec.cat\/ceipmisericordia-reus\/wp-content\/uploads\/usu2066\/2025\/06\/1-2-946x2048.jpg 946w, https:\/\/agora.xtec.cat\/ceipmisericordia-reus\/wp-content\/uploads\/usu2066\/2025\/06\/1-2-scaled.jpg 1183w\" sizes=\"auto, (max-width: 473px) 100vw, 473px\" \/><\/a><\/p>\n","protected":false},"excerpt":{"rendered":"<p>L&#8217;alumnat de Cicle Mitj\u00e0 ha gaudit d&#8217;un mat\u00ed molt divertit i ple d&#8217;energia al Salting. Qu\u00e8 b\u00e9 ens ho hem\u00a0 passat!! <a href=\"https:\/\/agora.xtec.cat\/ceipmisericordia-reus\/wp-content\/uploads\/usu2066\/2025\/06\/1-2-scaled.jpg\"><\/a><\/p>\n","protected":false},"author":4,"featured_media":0,"comment_status":"open","ping_status":"open","sticky":false,"template":"","format":"standard","meta":{"_bbp_topic_count":0,"_bbp_reply_count":0,"_bbp_total_topic_count":0,"_bbp_total_reply_count":0,"_bbp_voice_count":0,"_bbp_anonymous_reply_count":0,"_bbp_topic_count_hidden":0,"_bbp_reply_count_hidden":0,"_bbp_forum_subforum_count":0,"footnotes":""},"categories":[12,13,79,91,4],"tags":[556],"class_list":["post-11428","post","type-post","status-publish","format-standard","hentry","category-3r","category-4t","category-cicle-mitja","category-ed-primaria","category-portada","tag-escolamisericordiadereus-escolapublica-ciclemitja-salting-monmisericordia"],"post_mailing_queue_ids":[],"_links":{"self":[{"href":"https:\/\/agora.xtec.cat\/ceipmisericordia-reus\/wp-json\/wp\/v2\/posts\/11428","targetHints":{"allow":["GET"]}}],"collection":[{"href":"https:\/\/agora.xtec.cat\/ceipmisericordia-reus\/wp-json\/wp\/v2\/posts"}],"about":[{"href":"https:\/\/agora.xtec.cat\/ceipmisericordia-reus\/wp-json\/wp\/v2\/types\/post"}],"author":[{"embeddable":true,"href":"https:\/\/agora.xtec.cat\/ceipmisericordia-reus\/wp-json\/wp\/v2\/users\/4"}],"replies":[{"embeddable":true,"href":"https:\/\/agora.xtec.cat\/ceipmisericordia-reus\/wp-json\/wp\/v2\/comments?post=11428"}],"version-history":[{"count":2,"href":"https:\/\/agora.xtec.cat\/ceipmisericordia-reus\/wp-json\/wp\/v2\/posts\/11428\/revisions"}],"predecessor-version":[{"id":11441,"href":"https:\/\/agora.xtec.cat\/ceipmisericordia-reus\/wp-json\/wp\/v2\/posts\/11428\/revisions\/11441"}],"wp:attachment":[{"href":"https:\/\/agora.xtec.cat\/ceipmisericordia-reus\/wp-json\/wp\/v2\/media?parent=11428"}],"wp:term":[{"taxonomy":"category","embeddable":true,"href":"https:\/\/agora.xtec.cat\/ceipmisericordia-reus\/wp-json\/wp\/v2\/categories?post=11428"},{"taxonomy":"post_tag","embeddable":true,"href":"https:\/\/agora.xtec.cat\/ceipmisericordia-reus\/wp-json\/wp\/v2\/tags?post=11428"}],"curies":[{"name":"wp","href":"https:\/\/api.w.org\/{rel}","templated":true}]}}