{"id":11362,"date":"2025-06-03T15:31:49","date_gmt":"2025-06-03T13:31:49","guid":{"rendered":"https:\/\/agora.xtec.cat\/ceipmisericordia-reus\/?p=11362"},"modified":"2025-06-03T15:31:49","modified_gmt":"2025-06-03T13:31:49","slug":"fem-el-circuit-dorientacio","status":"publish","type":"post","link":"https:\/\/agora.xtec.cat\/ceipmisericordia-reus\/portada\/fem-el-circuit-dorientacio\/","title":{"rendered":"FEM EL CIRCUIT D\u2019ORIENTACI\u00d3!!"},"content":{"rendered":"<p>Durant el mes de maig els\/les alumnes de 4t, 5\u00e8 i 6\u00e8 hem realitzat el circuit permanent d&#8217;orientaci\u00f3 pels voltants de la nostra escola. Hem apr\u00e8s a interpretar la informaci\u00f3 que ens ofereix el mapa i a contrastar-la amb la realitat que veiem a l\u2019entorn, per saber on estem i cap on hem d\u2019anar. Ha estat tota una aventura.<br \/>\n<a href=\"https:\/\/agora.xtec.cat\/ceipmisericordia-reus\/wp-content\/uploads\/usu2066\/2025\/06\/circuit-dorientacio-4t-5e-i-6e-scaled.jpg\"><img loading=\"lazy\" decoding=\"async\" class=\"alignleft size-large wp-image-11363\" src=\"https:\/\/agora.xtec.cat\/ceipmisericordia-reus\/wp-content\/uploads\/usu2066\/2025\/06\/circuit-dorientacio-4t-5e-i-6e-1024x1024.jpg\" alt=\"\" width=\"1024\" height=\"1024\" srcset=\"https:\/\/agora.xtec.cat\/ceipmisericordia-reus\/wp-content\/uploads\/usu2066\/2025\/06\/circuit-dorientacio-4t-5e-i-6e-1024x1024.jpg 1024w, https:\/\/agora.xtec.cat\/ceipmisericordia-reus\/wp-content\/uploads\/usu2066\/2025\/06\/circuit-dorientacio-4t-5e-i-6e-300x300.jpg 300w, https:\/\/agora.xtec.cat\/ceipmisericordia-reus\/wp-content\/uploads\/usu2066\/2025\/06\/circuit-dorientacio-4t-5e-i-6e-150x150.jpg 150w, https:\/\/agora.xtec.cat\/ceipmisericordia-reus\/wp-content\/uploads\/usu2066\/2025\/06\/circuit-dorientacio-4t-5e-i-6e-768x768.jpg 768w, https:\/\/agora.xtec.cat\/ceipmisericordia-reus\/wp-content\/uploads\/usu2066\/2025\/06\/circuit-dorientacio-4t-5e-i-6e-1536x1536.jpg 1536w, https:\/\/agora.xtec.cat\/ceipmisericordia-reus\/wp-content\/uploads\/usu2066\/2025\/06\/circuit-dorientacio-4t-5e-i-6e-2048x2048.jpg 2048w\" sizes=\"auto, (max-width: 1024px) 100vw, 1024px\" \/><\/a><\/p>\n","protected":false},"excerpt":{"rendered":"<p>Durant el mes de maig els\/les alumnes de 4t, 5\u00e8 i 6\u00e8 hem realitzat el circuit permanent d&#8217;orientaci\u00f3 pels voltants de la nostra escola. Hem apr\u00e8s a interpretar la informaci\u00f3 que ens ofereix el mapa i a contrastar-la amb la realitat que veiem a l\u2019entorn,&hellip;  <a href=\"https:\/\/agora.xtec.cat\/ceipmisericordia-reus\/portada\/fem-el-circuit-dorientacio\/\" title=\"Read FEM EL CIRCUIT D\u2019ORIENTACI\u00d3!!\">Llegeix m\u00e9s\u00bb<\/a><\/p>\n","protected":false},"author":4,"featured_media":0,"comment_status":"open","ping_status":"closed","sticky":false,"template":"","format":"standard","meta":{"_bbp_topic_count":0,"_bbp_reply_count":0,"_bbp_total_topic_count":0,"_bbp_total_reply_count":0,"_bbp_voice_count":0,"_bbp_anonymous_reply_count":0,"_bbp_topic_count_hidden":0,"_bbp_reply_count_hidden":0,"_bbp_forum_subforum_count":0,"footnotes":""},"categories":[91,82,4],"tags":[343,125,218,236],"class_list":["post-11362","post","type-post","status-publish","format-standard","hentry","category-ed-primaria","category-ed-fisica","category-portada","tag-educaciofisica","tag-escolamisericordiadereus","tag-escolapublica","tag-monmisericordia"],"post_mailing_queue_ids":[],"_links":{"self":[{"href":"https:\/\/agora.xtec.cat\/ceipmisericordia-reus\/wp-json\/wp\/v2\/posts\/11362","targetHints":{"allow":["GET"]}}],"collection":[{"href":"https:\/\/agora.xtec.cat\/ceipmisericordia-reus\/wp-json\/wp\/v2\/posts"}],"about":[{"href":"https:\/\/agora.xtec.cat\/ceipmisericordia-reus\/wp-json\/wp\/v2\/types\/post"}],"author":[{"embeddable":true,"href":"https:\/\/agora.xtec.cat\/ceipmisericordia-reus\/wp-json\/wp\/v2\/users\/4"}],"replies":[{"embeddable":true,"href":"https:\/\/agora.xtec.cat\/ceipmisericordia-reus\/wp-json\/wp\/v2\/comments?post=11362"}],"version-history":[{"count":1,"href":"https:\/\/agora.xtec.cat\/ceipmisericordia-reus\/wp-json\/wp\/v2\/posts\/11362\/revisions"}],"predecessor-version":[{"id":11364,"href":"https:\/\/agora.xtec.cat\/ceipmisericordia-reus\/wp-json\/wp\/v2\/posts\/11362\/revisions\/11364"}],"wp:attachment":[{"href":"https:\/\/agora.xtec.cat\/ceipmisericordia-reus\/wp-json\/wp\/v2\/media?parent=11362"}],"wp:term":[{"taxonomy":"category","embeddable":true,"href":"https:\/\/agora.xtec.cat\/ceipmisericordia-reus\/wp-json\/wp\/v2\/categories?post=11362"},{"taxonomy":"post_tag","embeddable":true,"href":"https:\/\/agora.xtec.cat\/ceipmisericordia-reus\/wp-json\/wp\/v2\/tags?post=11362"}],"curies":[{"name":"wp","href":"https:\/\/api.w.org\/{rel}","templated":true}]}}