{"id":11325,"date":"2025-05-19T15:11:00","date_gmt":"2025-05-19T13:11:00","guid":{"rendered":"https:\/\/agora.xtec.cat\/ceipmisericordia-reus\/?p=11325"},"modified":"2025-05-19T15:11:00","modified_gmt":"2025-05-19T13:11:00","slug":"xe-congres-aprenem-junts","status":"publish","type":"post","link":"https:\/\/agora.xtec.cat\/ceipmisericordia-reus\/general\/xe-congres-aprenem-junts\/","title":{"rendered":"X\u00e8 CONGR\u00c9S APRENEM JUNTS"},"content":{"rendered":"<p>Els alumnes de 6\u00e8 hem participat a la trobada que s&#8217;ha fet a l&#8217;IES Gaud\u00ed.<br \/>\nUna experi\u00e8ncia molt enriquidora.<\/p>\n<p><a href=\"https:\/\/agora.xtec.cat\/ceipmisericordia-reus\/wp-content\/uploads\/usu2066\/2025\/05\/Imatge-de-WhatsApp-2025-05-19-a-les-14.57.02_a842f713.jpg\"><img loading=\"lazy\" decoding=\"async\" class=\"alignleft size-large wp-image-11326\" src=\"https:\/\/agora.xtec.cat\/ceipmisericordia-reus\/wp-content\/uploads\/usu2066\/2025\/05\/Imatge-de-WhatsApp-2025-05-19-a-les-14.57.02_a842f713-1024x576.jpg\" alt=\"\" width=\"1024\" height=\"576\" srcset=\"https:\/\/agora.xtec.cat\/ceipmisericordia-reus\/wp-content\/uploads\/usu2066\/2025\/05\/Imatge-de-WhatsApp-2025-05-19-a-les-14.57.02_a842f713-1024x576.jpg 1024w, https:\/\/agora.xtec.cat\/ceipmisericordia-reus\/wp-content\/uploads\/usu2066\/2025\/05\/Imatge-de-WhatsApp-2025-05-19-a-les-14.57.02_a842f713-300x169.jpg 300w, https:\/\/agora.xtec.cat\/ceipmisericordia-reus\/wp-content\/uploads\/usu2066\/2025\/05\/Imatge-de-WhatsApp-2025-05-19-a-les-14.57.02_a842f713-768x432.jpg 768w, https:\/\/agora.xtec.cat\/ceipmisericordia-reus\/wp-content\/uploads\/usu2066\/2025\/05\/Imatge-de-WhatsApp-2025-05-19-a-les-14.57.02_a842f713-1536x864.jpg 1536w, https:\/\/agora.xtec.cat\/ceipmisericordia-reus\/wp-content\/uploads\/usu2066\/2025\/05\/Imatge-de-WhatsApp-2025-05-19-a-les-14.57.02_a842f713.jpg 1600w\" sizes=\"auto, (max-width: 1024px) 100vw, 1024px\" \/><\/a><\/p>\n","protected":false},"excerpt":{"rendered":"<p>Els alumnes de 6\u00e8 hem participat a la trobada que s&#8217;ha fet a l&#8217;IES Gaud\u00ed.<br \/>\nUna experi\u00e8ncia molt enriquidora.<br \/>\n<a href=\"https:\/\/agora.xtec.cat\/ceipmisericordia-reus\/wp-content\/uploads\/usu2066\/2025\/05\/Imatge-de-WhatsApp-2025-05-19-a-les-14.57.02_a842f713.jpg\"><\/a><\/p>\n","protected":false},"author":4,"featured_media":0,"comment_status":"open","ping_status":"closed","sticky":false,"template":"","format":"standard","meta":{"_bbp_topic_count":0,"_bbp_reply_count":0,"_bbp_total_topic_count":0,"_bbp_total_reply_count":0,"_bbp_voice_count":0,"_bbp_anonymous_reply_count":0,"_bbp_topic_count_hidden":0,"_bbp_reply_count_hidden":0,"_bbp_forum_subforum_count":0,"footnotes":""},"categories":[15,80,1,97,4],"tags":[550],"class_list":["post-11325","post","type-post","status-publish","format-standard","hentry","category-6e","category-cicle-superior","category-general","category-noticies","category-portada","tag-escolamisericordiadereus-escolapublica-aprenmjunts-reus_cat-monmisericordia"],"post_mailing_queue_ids":[],"_links":{"self":[{"href":"https:\/\/agora.xtec.cat\/ceipmisericordia-reus\/wp-json\/wp\/v2\/posts\/11325","targetHints":{"allow":["GET"]}}],"collection":[{"href":"https:\/\/agora.xtec.cat\/ceipmisericordia-reus\/wp-json\/wp\/v2\/posts"}],"about":[{"href":"https:\/\/agora.xtec.cat\/ceipmisericordia-reus\/wp-json\/wp\/v2\/types\/post"}],"author":[{"embeddable":true,"href":"https:\/\/agora.xtec.cat\/ceipmisericordia-reus\/wp-json\/wp\/v2\/users\/4"}],"replies":[{"embeddable":true,"href":"https:\/\/agora.xtec.cat\/ceipmisericordia-reus\/wp-json\/wp\/v2\/comments?post=11325"}],"version-history":[{"count":1,"href":"https:\/\/agora.xtec.cat\/ceipmisericordia-reus\/wp-json\/wp\/v2\/posts\/11325\/revisions"}],"predecessor-version":[{"id":11327,"href":"https:\/\/agora.xtec.cat\/ceipmisericordia-reus\/wp-json\/wp\/v2\/posts\/11325\/revisions\/11327"}],"wp:attachment":[{"href":"https:\/\/agora.xtec.cat\/ceipmisericordia-reus\/wp-json\/wp\/v2\/media?parent=11325"}],"wp:term":[{"taxonomy":"category","embeddable":true,"href":"https:\/\/agora.xtec.cat\/ceipmisericordia-reus\/wp-json\/wp\/v2\/categories?post=11325"},{"taxonomy":"post_tag","embeddable":true,"href":"https:\/\/agora.xtec.cat\/ceipmisericordia-reus\/wp-json\/wp\/v2\/tags?post=11325"}],"curies":[{"name":"wp","href":"https:\/\/api.w.org\/{rel}","templated":true}]}}