{"id":11251,"date":"2025-04-10T15:24:36","date_gmt":"2025-04-10T13:24:36","guid":{"rendered":"https:\/\/agora.xtec.cat\/ceipmisericordia-reus\/?p=11251"},"modified":"2025-04-10T15:24:36","modified_gmt":"2025-04-10T13:24:36","slug":"el-petit-toubab-2","status":"publish","type":"post","link":"https:\/\/agora.xtec.cat\/ceipmisericordia-reus\/infantil\/el-petit-toubab-2\/","title":{"rendered":"EL PETIT TOUBAB"},"content":{"rendered":"<p>L\u2019alumnat d\u2019educaci\u00f3 infantil ha gaudit i conegut la cultura del Senegal amb la m\u00fasica i el conte del Petit Toubab. Que b\u00e9 s\u2019ho han passat!!! Abaraka, Jaume i Sam!<br \/>\n<span class=\"x7l2uk3 xt0e3qv\">#escolamisericordiadereus<\/span> <span class=\"x7l2uk3 xt0e3qv\">#escolap\u00fablica <\/span><span class=\"x7l2uk3 xt0e3qv\">#reuscultura <a href=\"https:\/\/agora.xtec.cat\/ceipmisericordia-reus\/wp-content\/uploads\/usu2066\/2025\/04\/2-1.jpg\"><img loading=\"lazy\" decoding=\"async\" class=\"size-large wp-image-11252 alignleft\" src=\"https:\/\/agora.xtec.cat\/ceipmisericordia-reus\/wp-content\/uploads\/usu2066\/2025\/04\/2-1-476x1024.jpg\" alt=\"\" width=\"476\" height=\"1024\" srcset=\"https:\/\/agora.xtec.cat\/ceipmisericordia-reus\/wp-content\/uploads\/usu2066\/2025\/04\/2-1-476x1024.jpg 476w, https:\/\/agora.xtec.cat\/ceipmisericordia-reus\/wp-content\/uploads\/usu2066\/2025\/04\/2-1-139x300.jpg 139w, https:\/\/agora.xtec.cat\/ceipmisericordia-reus\/wp-content\/uploads\/usu2066\/2025\/04\/2-1-768x1652.jpg 768w, https:\/\/agora.xtec.cat\/ceipmisericordia-reus\/wp-content\/uploads\/usu2066\/2025\/04\/2-1-714x1536.jpg 714w, https:\/\/agora.xtec.cat\/ceipmisericordia-reus\/wp-content\/uploads\/usu2066\/2025\/04\/2-1.jpg 934w\" sizes=\"auto, (max-width: 476px) 100vw, 476px\" \/><\/a><\/span><span class=\"x7l2uk3 xt0e3qv\">@laveuentrecultures #educaci\u00f3nfantil<\/span><\/p>\n","protected":false},"excerpt":{"rendered":"<p>L\u2019alumnat d\u2019educaci\u00f3 infantil ha gaudit i conegut la cultura del Senegal amb la m\u00fasica i el conte del Petit Toubab. Que b\u00e9 s\u2019ho han passat!!! Abaraka, Jaume i Sam!<br \/>\n#escolamisericordiadereus #escolap\u00fablica #reuscultura <a href=\"https:\/\/agora.xtec.cat\/ceipmisericordia-reus\/wp-content\/uploads\/usu2066\/2025\/04\/2-1.jpg\"><\/a>@laveuentrecultures #educaci\u00f3nfantil<\/p>\n","protected":false},"author":4,"featured_media":0,"comment_status":"open","ping_status":"closed","sticky":false,"template":"","format":"standard","meta":{"_bbp_topic_count":0,"_bbp_reply_count":0,"_bbp_total_topic_count":0,"_bbp_total_reply_count":0,"_bbp_voice_count":0,"_bbp_anonymous_reply_count":0,"_bbp_topic_count_hidden":0,"_bbp_reply_count_hidden":0,"_bbp_forum_subforum_count":0,"footnotes":""},"categories":[90,2,3,8,9,4,68],"tags":[],"class_list":["post-11251","post","type-post","status-publish","format-standard","hentry","category-ed-infantil","category-infantil","category-p3","category-p4","category-p5","category-portada","category-tallers-a-infantil"],"post_mailing_queue_ids":[],"_links":{"self":[{"href":"https:\/\/agora.xtec.cat\/ceipmisericordia-reus\/wp-json\/wp\/v2\/posts\/11251","targetHints":{"allow":["GET"]}}],"collection":[{"href":"https:\/\/agora.xtec.cat\/ceipmisericordia-reus\/wp-json\/wp\/v2\/posts"}],"about":[{"href":"https:\/\/agora.xtec.cat\/ceipmisericordia-reus\/wp-json\/wp\/v2\/types\/post"}],"author":[{"embeddable":true,"href":"https:\/\/agora.xtec.cat\/ceipmisericordia-reus\/wp-json\/wp\/v2\/users\/4"}],"replies":[{"embeddable":true,"href":"https:\/\/agora.xtec.cat\/ceipmisericordia-reus\/wp-json\/wp\/v2\/comments?post=11251"}],"version-history":[{"count":1,"href":"https:\/\/agora.xtec.cat\/ceipmisericordia-reus\/wp-json\/wp\/v2\/posts\/11251\/revisions"}],"predecessor-version":[{"id":11253,"href":"https:\/\/agora.xtec.cat\/ceipmisericordia-reus\/wp-json\/wp\/v2\/posts\/11251\/revisions\/11253"}],"wp:attachment":[{"href":"https:\/\/agora.xtec.cat\/ceipmisericordia-reus\/wp-json\/wp\/v2\/media?parent=11251"}],"wp:term":[{"taxonomy":"category","embeddable":true,"href":"https:\/\/agora.xtec.cat\/ceipmisericordia-reus\/wp-json\/wp\/v2\/categories?post=11251"},{"taxonomy":"post_tag","embeddable":true,"href":"https:\/\/agora.xtec.cat\/ceipmisericordia-reus\/wp-json\/wp\/v2\/tags?post=11251"}],"curies":[{"name":"wp","href":"https:\/\/api.w.org\/{rel}","templated":true}]}}